{"id":23992,"date":"2019-03-25T06:00:00","date_gmt":"2019-03-25T10:00:00","guid":{"rendered":"https:\/\/linitiative.ca\/International\/extension\/"},"modified":"2019-03-25T06:00:00","modified_gmt":"2019-03-25T10:00:00","slug":"extension","status":"publish","type":"post","link":"https:\/\/linitiative.ca\/International\/extension\/","title":{"rendered":"Extension"},"content":{"rendered":"<p>L\u2019a\u00e9roport de B\u00e9ja\u00efa, qui enregistre un flux important de passagers notamment en \u00e9t\u00e9 et durant les vacances scolaires, va conna\u00eetre une extension.<br \/>En effet, l\u2019entreprise de gestion des a\u00e9roports vient de lancer un appel d\u2019offres pour l\u2019extension de l\u2019a\u00e9rogare passagers.<\/p>\n<p>Auteur:<br \/>\n<a href=\"https:\/\/www.lesoirdalgerie.com\/periscoop\/extension-21151\">Cliquez ici pour lire l&rsquo;article depuis sa source.<\/a><\/p>\n","protected":false},"excerpt":{"rendered":"<p>L\u2019a\u00e9roport de B\u00e9ja\u00efa, qui enregistre un flux important de passagers notamment en \u00e9t\u00e9 et durant les vacances scolaires, va conna\u00eetre une extension.En effet, l\u2019entreprise de gestion des a\u00e9roports vient de lancer un appel d\u2019offres pour l\u2019extension de l\u2019a\u00e9rogare passagers. Auteur: Cliquez ici pour lire l&rsquo;article depuis sa source.<\/p>\n","protected":false},"author":1741,"featured_media":0,"comment_status":"closed","ping_status":"closed","sticky":false,"template":"","format":"standard","meta":{"fifu_image_url":"","fifu_image_alt":"","footnotes":""},"categories":[73,53],"tags":[],"class_list":["post-23992","post","type-post","status-publish","format-standard","hentry","category-actualite","category-algerie"],"_links":{"self":[{"href":"https:\/\/linitiative.ca\/International\/wp-json\/wp\/v2\/posts\/23992","targetHints":{"allow":["GET"]}}],"collection":[{"href":"https:\/\/linitiative.ca\/International\/wp-json\/wp\/v2\/posts"}],"about":[{"href":"https:\/\/linitiative.ca\/International\/wp-json\/wp\/v2\/types\/post"}],"author":[{"embeddable":true,"href":"https:\/\/linitiative.ca\/International\/wp-json\/wp\/v2\/users\/1741"}],"replies":[{"embeddable":true,"href":"https:\/\/linitiative.ca\/International\/wp-json\/wp\/v2\/comments?post=23992"}],"version-history":[{"count":0,"href":"https:\/\/linitiative.ca\/International\/wp-json\/wp\/v2\/posts\/23992\/revisions"}],"wp:attachment":[{"href":"https:\/\/linitiative.ca\/International\/wp-json\/wp\/v2\/media?parent=23992"}],"wp:term":[{"taxonomy":"category","embeddable":true,"href":"https:\/\/linitiative.ca\/International\/wp-json\/wp\/v2\/categories?post=23992"},{"taxonomy":"post_tag","embeddable":true,"href":"https:\/\/linitiative.ca\/International\/wp-json\/wp\/v2\/tags?post=23992"}],"curies":[{"name":"wp","href":"https:\/\/api.w.org\/{rel}","templated":true}]}}