{"id":23993,"date":"2019-03-25T06:00:00","date_gmt":"2019-03-25T10:00:00","guid":{"rendered":"https:\/\/linitiative.ca\/International\/le-score-de-lenie\/"},"modified":"2019-03-25T06:00:00","modified_gmt":"2019-03-25T10:00:00","slug":"le-score-de-lenie","status":"publish","type":"post","link":"https:\/\/linitiative.ca\/International\/le-score-de-lenie\/","title":{"rendered":"Le score de l\u2019Enie"},"content":{"rendered":"<div readability=\"34.4615384615\"><a href=\"\/actualites\/lapres-bouteflika-a-deja-commence-21008\"\/><\/p>\n<div class=\"image\"><img class=\"lazy\" data-original=\"\/data\/images\/article\/thumbs\/ls-lapres-bouteflika-a-deja-commence-5e132.jpg\"\/><\/p>\n<p><span>1<\/span><\/p>\n<\/div>\n<p class=\"type-date\"><span>Actualit\u00e9s<\/span> 11:00 | 21-03-2019<\/p>\n<h5 class=\"first-title\"><a href=\"\/actualites\/lapres-bouteflika-a-deja-commence-21008\">SITUATION POLITIQUE<\/a><\/h5>\n<h5 class=\"title\"><a href=\"\/actualites\/lapres-bouteflika-a-deja-commence-21008\">L\u2019apr\u00e8s-Bouteflika a d\u00e9j\u00e0 commenc\u00e9<\/a><\/h5>\n<p><a href=\"\/actualites\/lapres-bouteflika-a-deja-commence-21008\"\/><\/p>\n<p class=\"text\">L\u2019Alg\u00e9rie assiste aujourd\u2019hui \u00e0 une succession d\u2019\u00e9v\u00e8nements politiques donnant l\u2019impression que le pays s\u2019est d\u00e9j\u00e0 projet\u00e9 dans l\u2019apr\u00e8s-Bouteflika. Le sort de l\u2019Alg\u00e9rie se jouerait-il actuellement \u00e0 l\u2019\u00e9tranger ? Loin de l\u2019effervescence des rues alg\u00e9riennes, des man\u0153uvres de derni\u00e8re minute d\u2019un pouvoir accul\u00e9 et d\u00e9sirant s\u2019assurer une sortie honorable, deux diplomates bien<\/p>\n<\/div>\n<div readability=\"36.6489361702\"><a href=\"\/periscoop\/la-chute-du-dinar-20975\"\/><\/p>\n<div class=\"image\"><img class=\"lazy\" data-original=\"\/data\/images\/article\/thumbs\/ls-20975la-chute-du-dinar-8478f.jpg\"\/><\/p>\n<p><span>2<\/span><\/p>\n<\/div>\n<p class=\"type-date\"><span>P\u00e9riscoop<\/span> 11:00 | 21-03-2019<\/p>\n<h5 class=\"first-title\"><a href=\"\/periscoop\/la-chute-du-dinar-20975\"\/><\/h5>\n<h5 class=\"title\"><a href=\"\/periscoop\/la-chute-du-dinar-20975\">La chute du dinar<\/a><\/h5>\n<p><a href=\"\/periscoop\/la-chute-du-dinar-20975\"\/><\/p>\n<p class=\"text\">Depuis exactement un mois, le dinar alg\u00e9rien a perdu 10% de sa valeur face \u00e0 l\u2019euro. En effet, l\u2019euro s\u2019\u00e9change actuellement au march\u00e9 noir \u00e0 220 DA. Selon les cambistes, cette inflation est due \u00e0 la ru\u00e9e vers la devise<\/p>\n<\/div>\n<p>Auteur:<br \/>\n<a href=\"https:\/\/www.lesoirdalgerie.com\/periscoop\/le-score-de-lenie-21150\">Cliquez ici pour lire l&rsquo;article depuis sa source.<\/a><\/p>\n","protected":false},"excerpt":{"rendered":"<p>1 Actualit\u00e9s 11:00 | 21-03-2019 SITUATION POLITIQUE L\u2019apr\u00e8s-Bouteflika a d\u00e9j\u00e0 commenc\u00e9 L\u2019Alg\u00e9rie assiste aujourd\u2019hui \u00e0 une succession d\u2019\u00e9v\u00e8nements politiques donnant l\u2019impression que le pays s\u2019est d\u00e9j\u00e0 projet\u00e9 dans l\u2019apr\u00e8s-Bouteflika. Le sort de l\u2019Alg\u00e9rie se jouerait-il actuellement \u00e0 l\u2019\u00e9tranger ? Loin de l\u2019effervescence des rues alg\u00e9riennes, des man\u0153uvres de derni\u00e8re minute d\u2019un pouvoir accul\u00e9 et d\u00e9sirant [&hellip;]<\/p>\n","protected":false},"author":1741,"featured_media":0,"comment_status":"closed","ping_status":"closed","sticky":false,"template":"","format":"standard","meta":{"fifu_image_url":"","fifu_image_alt":"","footnotes":""},"categories":[73,53],"tags":[],"class_list":["post-23993","post","type-post","status-publish","format-standard","hentry","category-actualite","category-algerie"],"_links":{"self":[{"href":"https:\/\/linitiative.ca\/International\/wp-json\/wp\/v2\/posts\/23993","targetHints":{"allow":["GET"]}}],"collection":[{"href":"https:\/\/linitiative.ca\/International\/wp-json\/wp\/v2\/posts"}],"about":[{"href":"https:\/\/linitiative.ca\/International\/wp-json\/wp\/v2\/types\/post"}],"author":[{"embeddable":true,"href":"https:\/\/linitiative.ca\/International\/wp-json\/wp\/v2\/users\/1741"}],"replies":[{"embeddable":true,"href":"https:\/\/linitiative.ca\/International\/wp-json\/wp\/v2\/comments?post=23993"}],"version-history":[{"count":0,"href":"https:\/\/linitiative.ca\/International\/wp-json\/wp\/v2\/posts\/23993\/revisions"}],"wp:attachment":[{"href":"https:\/\/linitiative.ca\/International\/wp-json\/wp\/v2\/media?parent=23993"}],"wp:term":[{"taxonomy":"category","embeddable":true,"href":"https:\/\/linitiative.ca\/International\/wp-json\/wp\/v2\/categories?post=23993"},{"taxonomy":"post_tag","embeddable":true,"href":"https:\/\/linitiative.ca\/International\/wp-json\/wp\/v2\/tags?post=23993"}],"curies":[{"name":"wp","href":"https:\/\/api.w.org\/{rel}","templated":true}]}}