{"id":23995,"date":"2019-03-25T06:00:00","date_gmt":"2019-03-25T10:00:00","guid":{"rendered":"https:\/\/linitiative.ca\/International\/dans-la-protesta-la-voix-des-femmes\/"},"modified":"2019-03-25T06:00:00","modified_gmt":"2019-03-25T10:00:00","slug":"dans-la-protesta-la-voix-des-femmes","status":"publish","type":"post","link":"https:\/\/linitiative.ca\/International\/dans-la-protesta-la-voix-des-femmes\/","title":{"rendered":"Dans la protesta, la voix des femmes !"},"content":{"rendered":"<p class=\"c3\">A chaque mouvement citoyen, elles y vont ! On l\u2019a int\u00e9gr\u00e9 depuis longtemps d\u00e9j\u00e0, pas question pour les Alg\u00e9riennes de se terrer chez elles quand tout se joue dehors, y compris leur avenir, et donc de renoncer \u00e0 l\u2019importance de r\u00e9investir l\u2019espace.\u00a0<br \/>Faire entendre leur voix, la majorit\u00e9 d\u2019entre elles ont conscience que les occasions pour se le permettre, pour prendre de nouveau le pouvoir sur les mots et rappeler qu\u2019elles sont un \u00e9l\u00e9ment incontournable dans la construction du pays, qu\u2019il soit ou non \u00e0 la d\u00e9rive, sont rares. Etonnamment, dans des moments pareils, personne ne s\u2019aventure \u00e0 leur imposer le silence. Elles investissent la rue sans solliciter une quelconque permission et se demandent, m\u00eame si c\u2019est encore pr\u00e9matur\u00e9, comment elles feront lorsque tout sera rentr\u00e9 dans l\u2019ordre alors qu\u2019elles ont pris un go\u00fbt certain\u00a0 aux d\u00e9fil\u00e9s du vendredi. Pendant combien de temps les art\u00e8res des villes continueront-elles \u00e0 inviter au d\u00e9part un syst\u00e8me qui ne l\u2019entend pas de cette oreille ? Pendant combien de temps encore les Alg\u00e9riens vont-ils continuer \u00e0 occuper ces derni\u00e8res sans subir l\u2019ire d\u2019une autorit\u00e9 qui pourrait montrer quelque agacement \u00e0 entendre fuser des youyous sous le moindre pr\u00e9texte ? Parce qu\u2019elles aussi, viennent d\u2019un peu partout et m\u00eame de tr\u00e8s loin. Toujours pr\u00eates \u00e0 partager l\u2019\u00e9motion qui redevient unisexe d\u00e8s que les enjeux d\u00e9passent le sort fait au genre f\u00e9minin ou l\u2019injuste quotidien qui leur est consacr\u00e9. Leur g\u00e9n\u00e9rosit\u00e9 naturelle leur dicte de revoir l\u2019ordre des priorit\u00e9s lorsque l\u2019urgence dicte de sauver le pays men\u00e9 au pire par un personnel politique et une administration qui ont fait leur temps.\u00a0 Cela peut para\u00eetre \u00e9trange, mais je ne les ai pas crois\u00e9es ces \u00absous-citoyennes\u00bb qui, d\u2019ordinaire, ne voient aucun inconv\u00e9nient \u00e0 se soumettre aux pr\u00e9tendues recommandations religieuses qui les asservissent.\u00a0<br \/>Des progr\u00e8s ont, certes, \u00e9t\u00e9 enregistr\u00e9s, mais rien n\u2019est encore d\u00e9finitivement gagn\u00e9. La confrontation avec une direction rompue aux coups fourr\u00e9s pourrait-elle, malgr\u00e9 tout, s\u2019installer dans la dur\u00e9e ? Tout peut arriver lorsqu\u2019une situation atteint ce degr\u00e9 de fragilit\u00e9.\u00a0<br \/><em><strong>M. B.\u00a0<\/strong><\/em><\/p>\n<p>Auteur:<br \/>\n<a href=\"https:\/\/www.lesoirdalgerie.com\/soit-dit-en-passant\/dans-la-protesta-la-voix-des-femmes-21148\">Cliquez ici pour lire l&rsquo;article depuis sa source.<\/a><\/p>\n","protected":false},"excerpt":{"rendered":"<p>A chaque mouvement citoyen, elles y vont ! On l\u2019a int\u00e9gr\u00e9 depuis longtemps d\u00e9j\u00e0, pas question pour les Alg\u00e9riennes de se terrer chez elles quand tout se joue dehors, y compris leur avenir, et donc de renoncer \u00e0 l\u2019importance de r\u00e9investir l\u2019espace.\u00a0Faire entendre leur voix, la majorit\u00e9 d\u2019entre elles ont conscience que les occasions pour [&hellip;]<\/p>\n","protected":false},"author":1741,"featured_media":0,"comment_status":"closed","ping_status":"closed","sticky":false,"template":"","format":"standard","meta":{"fifu_image_url":"","fifu_image_alt":"","footnotes":""},"categories":[73,53],"tags":[],"class_list":["post-23995","post","type-post","status-publish","format-standard","hentry","category-actualite","category-algerie"],"_links":{"self":[{"href":"https:\/\/linitiative.ca\/International\/wp-json\/wp\/v2\/posts\/23995","targetHints":{"allow":["GET"]}}],"collection":[{"href":"https:\/\/linitiative.ca\/International\/wp-json\/wp\/v2\/posts"}],"about":[{"href":"https:\/\/linitiative.ca\/International\/wp-json\/wp\/v2\/types\/post"}],"author":[{"embeddable":true,"href":"https:\/\/linitiative.ca\/International\/wp-json\/wp\/v2\/users\/1741"}],"replies":[{"embeddable":true,"href":"https:\/\/linitiative.ca\/International\/wp-json\/wp\/v2\/comments?post=23995"}],"version-history":[{"count":0,"href":"https:\/\/linitiative.ca\/International\/wp-json\/wp\/v2\/posts\/23995\/revisions"}],"wp:attachment":[{"href":"https:\/\/linitiative.ca\/International\/wp-json\/wp\/v2\/media?parent=23995"}],"wp:term":[{"taxonomy":"category","embeddable":true,"href":"https:\/\/linitiative.ca\/International\/wp-json\/wp\/v2\/categories?post=23995"},{"taxonomy":"post_tag","embeddable":true,"href":"https:\/\/linitiative.ca\/International\/wp-json\/wp\/v2\/tags?post=23995"}],"curies":[{"name":"wp","href":"https:\/\/api.w.org\/{rel}","templated":true}]}}