{"id":23999,"date":"2019-03-25T05:55:08","date_gmt":"2019-03-25T09:55:08","guid":{"rendered":"https:\/\/linitiative.ca\/International\/com2019-ouverture-a-marrakech-des-sessions-ministerielles\/"},"modified":"2019-03-25T05:55:08","modified_gmt":"2019-03-25T09:55:08","slug":"com2019-ouverture-a-marrakech-des-sessions-ministerielles","status":"publish","type":"post","link":"https:\/\/linitiative.ca\/International\/com2019-ouverture-a-marrakech-des-sessions-ministerielles\/","title":{"rendered":"COM2019 : ouverture \u00e0 Marrakech des sessions minist\u00e9rielles"},"content":{"rendered":"<p>Les travaux des sessions minist\u00e9rielles de la 52\u00e8 conf\u00e9rence des ministres africains des Finances, de la planification et du d\u00e9veloppement \u00e9conomique (<strong>COM2019<\/strong>) de la Commission \u00e9conomique pour l\u2019Afrique (CEA) se sont ouverts, lundi \u00e0 Marrakech, sous le th\u00e8me \u00ab\u00a0la politique budg\u00e9taire, le commerce et le secteur priv\u00e9 \u00e0 l\u2019\u00e8re du num\u00e9rique: Une strat\u00e9gie pour l\u2019Afrique\u00a0\u00bb.<\/p>\n<div class=\"c10\"\/>\n<p>Prennent part la session inaugurale de cette manifestation notamment le ministre de l\u2019Economie et des finances, Mohamed Bencha\u00e2boun, la vice-secr\u00e9taire g\u00e9n\u00e9rale de l\u2019Organisation des Nations Unies (ONU), Amina Mohammed, le vice-pr\u00e9sident du Conseil \u00e9conomique et social des Nations unies (ECOSOC), l\u2019ambassadeur, repr\u00e9sentant permanent du Maroc aupr\u00e8s de l\u2019ONU, Omar Hilale et la secr\u00e9taire ex\u00e9cutive de la CEA, Vera Songwe.<\/p>\n<p>Ces sessions, de deux jours, permettront aux ministres africains d\u2019examiner les politiques fiscales n\u00e9cessaires \u00e0 la mise en \u0153uvre de la Zone de libre-\u00e9change continentale africaine (ZLECA) dans le cadre du programme de d\u00e9veloppement durable \u00e0 l\u2019horizon 2030 et du programme de d\u00e9veloppement de l\u2019Afrique, l\u2019Agenda 2063, ainsi que le r\u00f4le du secteur priv\u00e9 \u00e0 l\u2019\u00e8re de l\u2019\u00e9conomie num\u00e9rique.<\/p>\n<p>Elles ont \u00e9t\u00e9 pr\u00e9c\u00e9d\u00e9es par la 38\u00e8me r\u00e9union du comit\u00e9 d\u2019experts de la COM2019 (du 20 au 22 mars) qui ont port\u00e9 sur plusieurs sujets en lien avec les politiques budg\u00e9taires, le commerce intra-africain, le secteur priv\u00e9 et l\u2019\u00e9conomie num\u00e9rique ainsi que par des manifestations parall\u00e8les (23-24 mars), notamment la pr\u00e9sentation du Rapport \u00e9conomique sur l\u2019Afrique, publication phare de la CEA, dont l\u2019\u00e9dition 2019 traitera des politiques fiscales au service du d\u00e9veloppement durable en Afrique, et le lancement du R\u00e9seau Fintech ou le Forum Nord-Africain sur l\u2019\u00e9conomie bleue.<\/p>\n<p>Cr\u00e9\u00e9e en 1958, la CEA est l\u2019une des cinq commissions r\u00e9gionales du Conseil \u00e9conomique et social (ECOSOC) des Nations Unies. Elle a pour mandat d\u2019appuyer le d\u00e9veloppement \u00e9conomique et social de ses Etats membres, d\u2019encourager l\u2019int\u00e9gration r\u00e9gionale et de promouvoir la coop\u00e9ration internationale pour le d\u00e9veloppement de l\u2019Afrique.<\/p>\n<div class=\"c17\">\n<fieldset class=\"c16\">\n<legend><strong><span class=\"c11\">Challenge<\/span><span class=\"c12\">news<\/span><\/strong><\/legend>\n<div class=\"c15\">Le meilleur de la r\u00e9daction s\u00e9lectionn\u00e9 par Challenge :<\/p>\n<\/div>\n<\/fieldset>\n<\/div>\n<p>Auteur: challenge<br \/>\n<a href=\"https:\/\/www.challenge.ma\/com2019-ouverture-a-marrakech-des-sessions-ministerielles-106720\/\">Cliquez ici pour lire l&rsquo;article depuis sa source.<\/a><\/p>\n","protected":false},"excerpt":{"rendered":"<p>Les travaux des sessions minist\u00e9rielles de la 52\u00e8 conf\u00e9rence des ministres africains des Finances, de la planification et du d\u00e9veloppement \u00e9conomique (COM2019) de la Commission \u00e9conomique pour l\u2019Afrique (CEA) se sont ouverts, lundi \u00e0 Marrakech, sous le th\u00e8me \u00ab\u00a0la politique budg\u00e9taire, le commerce et le secteur priv\u00e9 \u00e0 l\u2019\u00e8re du num\u00e9rique: Une strat\u00e9gie pour l\u2019Afrique\u00a0\u00bb. [&hellip;]<\/p>\n","protected":false},"author":1787,"featured_media":0,"comment_status":"closed","ping_status":"closed","sticky":false,"template":"","format":"standard","meta":{"fifu_image_url":"","fifu_image_alt":"","footnotes":""},"categories":[78,54],"tags":[],"class_list":["post-23999","post","type-post","status-publish","format-standard","hentry","category-economie","category-maroc"],"_links":{"self":[{"href":"https:\/\/linitiative.ca\/International\/wp-json\/wp\/v2\/posts\/23999","targetHints":{"allow":["GET"]}}],"collection":[{"href":"https:\/\/linitiative.ca\/International\/wp-json\/wp\/v2\/posts"}],"about":[{"href":"https:\/\/linitiative.ca\/International\/wp-json\/wp\/v2\/types\/post"}],"author":[{"embeddable":true,"href":"https:\/\/linitiative.ca\/International\/wp-json\/wp\/v2\/users\/1787"}],"replies":[{"embeddable":true,"href":"https:\/\/linitiative.ca\/International\/wp-json\/wp\/v2\/comments?post=23999"}],"version-history":[{"count":0,"href":"https:\/\/linitiative.ca\/International\/wp-json\/wp\/v2\/posts\/23999\/revisions"}],"wp:attachment":[{"href":"https:\/\/linitiative.ca\/International\/wp-json\/wp\/v2\/media?parent=23999"}],"wp:term":[{"taxonomy":"category","embeddable":true,"href":"https:\/\/linitiative.ca\/International\/wp-json\/wp\/v2\/categories?post=23999"},{"taxonomy":"post_tag","embeddable":true,"href":"https:\/\/linitiative.ca\/International\/wp-json\/wp\/v2\/tags?post=23999"}],"curies":[{"name":"wp","href":"https:\/\/api.w.org\/{rel}","templated":true}]}}