{"id":24001,"date":"2019-03-25T06:45:05","date_gmt":"2019-03-25T10:45:05","guid":{"rendered":"https:\/\/linitiative.ca\/International\/terrorisme-pensees-meurtrieres\/"},"modified":"2019-03-25T06:45:05","modified_gmt":"2019-03-25T10:45:05","slug":"terrorisme-pensees-meurtrieres","status":"publish","type":"post","link":"https:\/\/linitiative.ca\/International\/terrorisme-pensees-meurtrieres\/","title":{"rendered":"Terrorisme : Pens\u00e9es meurtri\u00e8res"},"content":{"rendered":"<p class=\"p1\">Le terroriste de la <strong>Nouvelle-Z\u00e9lande<\/strong> a lu la th\u00e9orie du remplacement. Les mots tuent et le vrai combat est celui de la pens\u00e9e.<span class=\"Apple-converted-space\">\u00a0\u00a0<\/span><\/p>\n<div class=\"c10\"\/>\n<p class=\"p1\"><span class=\"s1\">C<\/span><span class=\"s1\">inquante fid\u00e8les ont \u00e9t\u00e9 assassin\u00e9s lors d\u2019une pri\u00e8re, en Nouvelle-Z\u00e9lande. Ag\u00e9s de 3 \u00e0 77 ans, ils n\u2019avaient aux yeux de leur assassin qu\u2019un seul tort, celui d\u2019\u00eatre musulmans. L\u2019horreur absolue au nom de la haine de l\u2019autre, dans un pays paisible qui ne conna\u00eet aucune tension communautaire par ailleurs.<\/span><\/p>\n<p class=\"p2\"><span class=\"s1\">Mais le fanatique a d\u2019abord \u00e9crit un pamphlet. Il y explique qu\u2019il a voyag\u00e9 et qu\u2019en France il a lu et entendu la fameuse th\u00e9orie du remplacement, celle qui, \u00e0 force de chiffres inconsistants, veut d\u00e9montrer que l\u2019Islam va extirper les racines jud\u00e9o-chr\u00e9tiennes de l\u2019Occident et que c\u2019est en r\u00e9action \u00e0 cette perspective qu\u2019il faut r\u00e9agir et perp\u00e9trer son acte terroriste.<\/span><\/p>\n<p class=\"p2\"><span class=\"s1\">Lors d\u2019un d\u00e9bat, affligeant, entre le com\u00e9dien d\u2019origine marocaine Yacine Belattar et Eric Zemmour, tenant de cette th\u00e9orie et grand pourfendeur de l\u2019Islam, il fut question de la responsabilit\u00e9 de cette th\u00e9orie dans la tuerie. Les d\u00e9n\u00e9gations du pseudo-journaliste et vrai islamophobe ont \u00e9t\u00e9 path\u00e9tiques.<\/span><\/p>\n<h2><span class=\"s1\">\u00ab\u00a0La passivit\u00e9 des intellectuels devant ces torrents de haine crassement ignorante, est d\u00e9sesp\u00e9rante\u00a0\u00bb<\/span><\/h2>\n<p class=\"p2\"><span class=\"s1\">En v\u00e9rit\u00e9, depuis Hutchington et son funeste choc des civilisations, la parole essentialiste, raciste, s\u2019est lib\u00e9r\u00e9e et ce, dans toutes les sph\u00e8res, qu\u2019elles soient occidentales ou arabo-musulmanes.<\/span><\/p>\n<p class=\"p2\"><span class=\"s1\">De l\u2019autre c\u00f4t\u00e9, les ph\u00e9nom\u00e8nes migratoires, largement d\u00e9pendant des distorsions \u00e9conomiques et bient\u00f4t du r\u00e9chauffement climatique sont assimil\u00e9s \u00e0 une invasion, qui serait pens\u00e9e et planifi\u00e9e pour islamiser l\u2019Occident.<\/span><\/p>\n<p class=\"p2\"><span class=\"s1\">L\u2019on se rappelle du toll\u00e9 qu\u2019avait soulev\u00e9 la phrase de Jacques Chirac sur \u00ab les odeurs \u00bb. Aujourd\u2019hui, des universitaires s\u2019int\u00e9ressent aux pr\u00e9noms \u00e0 consonance arabe et y voient <em>\u00ab une ins\u00e9curit\u00e9 culturelle \u00bb.<\/em> L\u2019\u00e9chec de l\u2019int\u00e9gration, faute d\u2019une vraie politique de mixit\u00e9, est mis sur le compte d\u2019une incapacit\u00e9 de l\u2019Islam \u00e0 se mouvoir dans \u00ab la civilisation \u00bb. L\u2019ignorance s\u2019affiche au nom de la science.<\/span><\/p>\n<p class=\"p2\"><span class=\"s1\">Dans la sph\u00e8re arabo-musulmane, le tumulte du monde, les guerres imp\u00e9rialistes, les crimes d\u2019Isra\u00ebl, sont utilis\u00e9s pour accr\u00e9diter la th\u00e8se selon laquelle les autres : les Juifs et les Chr\u00e9tiens n\u2019ont qu\u2019un seul objectif, celui de d\u00e9truire l\u2019Islam et que donc c\u2019est une guerre sans merci qui dure depuis quinze si\u00e8cles.<\/span><\/p>\n<p class=\"p2\"><span class=\"s1\">Ces th\u00e9ories, baptis\u00e9es pens\u00e9es par des ignares que la t\u00e9l\u00e9 et l\u2019internet installent dans un r\u00f4le de doctes, ont une cons\u00e9quence, le terrorisme.<\/span><\/p>\n<p class=\"p2\"><span class=\"s1\">Toutes les r\u00e9ponses s\u00e9curitaires ne r\u00e9ussiront pas \u00e0 \u00e9radiquer le ph\u00e9nom\u00e8ne tant que ces pens\u00e9es ne seront pas \u00e9radiqu\u00e9es, partout, avec la m\u00eame d\u00e9termination. La passivit\u00e9 des intellectuels devant ces torrents de haine crassement ignorante, est d\u00e9sesp\u00e9rante. C\u2019est de ce c\u00f4t\u00e9-l\u00e0 qu\u2019il faut appeler au sursaut.<\/span><\/p>\n<p class=\"p2\"><span class=\"s1\">La conflictualit\u00e9 install\u00e9e par les essentialistes, les racistes est un gouffre sans fin, parce que l\u2019on est toujours l\u2019autre pour quelqu\u2019un. Et il y aura toujours des fous pour aller \u00e0 l\u2019extr\u00eame dans la haine de l\u2019autre, d\u00e8s lors qu\u2019il est d\u00e9sign\u00e9 par les clercs.\u00a0<\/span><\/p>\n<div class=\"c17\">\n<fieldset class=\"c16\">\n<legend><strong><span class=\"c11\">Challenge<\/span><span class=\"c12\">news<\/span><\/strong><\/legend>\n<div class=\"c15\">Le meilleur de la r\u00e9daction s\u00e9lectionn\u00e9 par Challenge :<\/p>\n<\/div>\n<\/fieldset>\n<\/div>\n<p>Auteur: Jamal Berraoui<br \/>\n<a href=\"https:\/\/www.challenge.ma\/terrorisme-pensees-meurtrieres-106676\/\">Cliquez ici pour lire l&rsquo;article depuis sa source.<\/a><\/p>\n","protected":false},"excerpt":{"rendered":"<p>Le terroriste de la Nouvelle-Z\u00e9lande a lu la th\u00e9orie du remplacement. Les mots tuent et le vrai combat est celui de la pens\u00e9e.\u00a0\u00a0 Cinquante fid\u00e8les ont \u00e9t\u00e9 assassin\u00e9s lors d\u2019une pri\u00e8re, en Nouvelle-Z\u00e9lande. Ag\u00e9s de 3 \u00e0 77 ans, ils n\u2019avaient aux yeux de leur assassin qu\u2019un seul tort, celui d\u2019\u00eatre musulmans. L\u2019horreur absolue au [&hellip;]<\/p>\n","protected":false},"author":1787,"featured_media":0,"comment_status":"closed","ping_status":"closed","sticky":false,"template":"","format":"standard","meta":{"fifu_image_url":"","fifu_image_alt":"","footnotes":""},"categories":[78,54],"tags":[],"class_list":["post-24001","post","type-post","status-publish","format-standard","hentry","category-economie","category-maroc"],"_links":{"self":[{"href":"https:\/\/linitiative.ca\/International\/wp-json\/wp\/v2\/posts\/24001","targetHints":{"allow":["GET"]}}],"collection":[{"href":"https:\/\/linitiative.ca\/International\/wp-json\/wp\/v2\/posts"}],"about":[{"href":"https:\/\/linitiative.ca\/International\/wp-json\/wp\/v2\/types\/post"}],"author":[{"embeddable":true,"href":"https:\/\/linitiative.ca\/International\/wp-json\/wp\/v2\/users\/1787"}],"replies":[{"embeddable":true,"href":"https:\/\/linitiative.ca\/International\/wp-json\/wp\/v2\/comments?post=24001"}],"version-history":[{"count":0,"href":"https:\/\/linitiative.ca\/International\/wp-json\/wp\/v2\/posts\/24001\/revisions"}],"wp:attachment":[{"href":"https:\/\/linitiative.ca\/International\/wp-json\/wp\/v2\/media?parent=24001"}],"wp:term":[{"taxonomy":"category","embeddable":true,"href":"https:\/\/linitiative.ca\/International\/wp-json\/wp\/v2\/categories?post=24001"},{"taxonomy":"post_tag","embeddable":true,"href":"https:\/\/linitiative.ca\/International\/wp-json\/wp\/v2\/tags?post=24001"}],"curies":[{"name":"wp","href":"https:\/\/api.w.org\/{rel}","templated":true}]}}