{"id":24002,"date":"2019-03-25T07:06:35","date_gmt":"2019-03-25T11:06:35","guid":{"rendered":"https:\/\/linitiative.ca\/International\/coupes-africaines-des-clubs-et-frmf-lhonneur-est-sauf\/"},"modified":"2019-03-25T07:06:35","modified_gmt":"2019-03-25T11:06:35","slug":"coupes-africaines-des-clubs-et-frmf-lhonneur-est-sauf","status":"publish","type":"post","link":"https:\/\/linitiative.ca\/International\/coupes-africaines-des-clubs-et-frmf-lhonneur-est-sauf\/","title":{"rendered":"Coupes africaines des clubs et FRMF : l\u2019honneur est sauf !"},"content":{"rendered":"<p class=\"p1\"><span class=\"c10\"><span class=\"s2\">Est-on vraiment les plus forts ?<\/span><\/span><\/p>\n<div class=\"c11\"\/>\n<p class=\"p2\"><span class=\"s2\">C<\/span><span class=\"s2\">\u2019est rentr\u00e9 dans nos habitudes, on peut dire que c\u2019est m\u00eame dans l\u2019ADN de chaque Marocain. Sans exag\u00e9rer, on certifie ici qu\u2019au Maroc, dans notre cher pays, tous les citoyens (et citoyennes) ont la nette impression qu\u2019ils vivent dans le pays du football. Ne leur parlez pas d\u2019Egypte, du Cameroun, du Ghana et du Nig\u00e9ria ou encore moins du S\u00e9n\u00e9gal, non, ils ne veulent rien entendre.<\/span><\/p>\n<p class=\"p2\"><span class=\"s2\">Pour nous, pour toujours, le meilleur foot africain est le foot marocain. Et pas besoin de nous pousser beaucoup pour que chacun vous r\u00e9cite de m\u00e9moire, et par c\u0153ur, tous nos hauts faits d\u2019armes : n\u2019est-on pas le pays de Ben Barek ? N\u2019est-on pas la premi\u00e8re nation \u00e0 se qualifier \u00e0 une phase finale de la Coupe du Monde? N\u2019est-on pas le pays qui a r\u00e9veill\u00e9 la FIFA et oblig\u00e9 \u00e0 regarder ailleurs qu\u2019en Europe et Am\u00e9rique Latine? N\u2019a-t-on pas \u00e9t\u00e9 qualifi\u00e9s \u2013 et pas qu\u2019une fois \u2013 de Br\u00e9siliens de l\u2019Afrique? N\u2019en ajoutez plus, la coupe est pleine, d\u2019accord, d\u2019accord, c\u2019est nous les meilleurs ; mais seulement quand on se r\u00e9f\u00e8re \u00e0 l\u2019Histoire.<\/span><\/p>\n<p class=\"p3\"><span class=\"s2\">Une histoire, certes, qui a voulu que l\u2019on ait \u00e9t\u00e9 premier en tout, seulement on a tendance \u00e0 oublier que rien n\u2019est plus fragile que la place de num\u00e9ro 1. \u00catre premier, c\u2019est \u00eatre en point de mire, \u00eatre dans une position o\u00f9 tout le monde veut vous d\u00e9passer. Et souvent, c\u2019est une place qui, flattant les orgueils, pousse aussi son titulaire \u00e0 s\u2019endormir. Il est alors d\u00e9pass\u00e9, parfois irr\u00e9versiblement.<\/span><\/p>\n<p class=\"p3\"><span class=\"s2\">Au Maroc donc, on ne se serait pas rendu compte que depuis des lustres, pas mal de pays ont fait mieux que nous en football, rendant notre palmar\u00e8s de plus en plus maigrichon, et notre sup\u00e9riorit\u00e9 continuellement remise en question.<\/span><\/p>\n<p class=\"p3\"><span class=\"s2\">Ainsi, il est anormal et d\u00e9rangeant quand on entend claironner partout que la CAN 2019 est pour nous : \u00abJibouha yal w\u2019lad\u00bb devient le refrain \u00e0 la mode sur nos libres antennes. Vainqueur de la CAN 2019 ? On ne demande pas mieux, c\u2019est le souhait de tous, mais chaque chose en son temps. Gagnons les rencontres, match par match et attendons d\u2019arriver, inchaa Allah en finale.<\/span><\/p>\n<p class=\"p3\"><span class=\"s2\">Ensuite, il faudra patienter, de mani\u00e8re organis\u00e9e, concentr\u00e9e et s\u00e9rieuse jusqu\u2019au coup de sifflet final.<\/span><\/p>\n<p class=\"p3\"><span class=\"s2\">D\u2019ici l\u00e0, arr\u00eatez de souffler dans les trompettes de la renomm\u00e9e, qui, comme le chanta nagu\u00e8re Brassens, sont parfois mal embouch\u00e9es.<\/span><\/p>\n<p class=\"p1\"><span class=\"c10\"><span class=\"s2\">Le Raja passe la main<\/span><\/span><\/p>\n<p class=\"p2\"><span class=\"s2\">L<\/span><span class=\"s2\">e pr\u00e9sident Lekjaa peut souffler et clamer mission (\u00e0 moiti\u00e9) accomplie, car il a assur\u00e9 sa r\u00e9putation de pr\u00e9sident qui s\u2019interdit de tirer les ficelles pour favoriser les uns au d\u00e9triment des autres.<\/span><\/p>\n<p class=\"p3\"><span class=\"s2\">Les mauvais esprits l\u2019attendaient au tournant dans ces qualifications de la CAF o\u00f9 3 clubs marocains \u00e9taient engag\u00e9s pour deux places, seulement, \u00e0 gagner.<\/span><\/p>\n<p class=\"p3\"><span class=\"s2\">On sait que dans ce groupe, chaud et chahut\u00e9 \u00e0 souhait, ce sont le Hassania d\u2019Agadir et la Renaissance de Berkane qui ont r\u00e9ussi la \u00abqualif\u00bb, laissant le Raja \u00e0 quai. Un r\u00e9sultat qui a eu le bon go\u00fbt de mettre tout le monde d\u2019accord. Le Hassania gadiri, si correct et si fair-play a r\u00e9ussi un exploit historique pour toute la famille soussie, et Dieu sait que cette r\u00e9gion o\u00f9 le football a produit joueurs et dirigeants exemplaires a bien m\u00e9rit\u00e9 ce sacre.<\/span><\/p>\n<p class=\"p3\"><span class=\"s2\">Et puis quelle classe et quelle modestie dans ce club gadiri qui revient de loin, lui qu\u2019on croyait \u00ab\u00e9cras\u00e9\u00bb entre le poids du Raja et l\u2019influence Berkanie. Mais non, il est l\u00e0, il reste en vie mais il ne plastronne pas pour autant. Son entra\u00eeneur a fait une simple d\u00e9claration qui en dit long sur la comp\u00e9tence du bonhomme : <em>\u00abOn a r\u00e9ussi l\u2019important, il nous reste maintenant \u00e0 conqu\u00e9rir l\u2019essentiel \u00bb<\/em>.<\/span><\/p>\n<p class=\"p3\"><span class=\"s2\">Bonne route pour Agadir sur la route du Troph\u00e9e africain qui viendrait (\u00f4 beau r\u00eave) orner les vitrines d\u2019un club embl\u00e8me d\u2019une r\u00e9gion magnifique.<\/span><\/p>\n<p class=\"p3\"><span class=\"s2\">Quant au Raja, il a, comment dire, \u00e9t\u00e9 \u00e9limin\u00e9 avec les honneurs du communiqu\u00e9. Il s\u2019est r\u00e9veill\u00e9 de ses cauchemars r\u00e9currents, mais d\u00e9sormais il peut toiser tout le monde en club dominateur qu\u2019il n\u2019aurait jamais d\u00fb cesser d\u2019\u00eatre. Mais que voulez-vous? Il a \u00e9t\u00e9 arnaqu\u00e9, et il a aussi arnaqu\u00e9, mais comme tout cela a \u00e9t\u00e9 fait avec des soi-disant rajaouis, alors on oubliera et on passera \u00e0 autre chose. En se promettant des jours meilleurs et surtout en \u00e9vitant de tomber encore dans de f\u00e2cheux travers.<\/span><\/p>\n<p class=\"p1\"><span class=\"s2 c10\">La FIFA avec F comme fric<\/span><\/p>\n<p class=\"p2\"><span class=\"s2\">L<\/span><span class=\"s2\">e foot est une belle affaire. Cette activit\u00e9 est m\u00eame la plus belle affaire du monde. Affaire \u00e9conomique s\u2019entend, et l\u2019actuel pr\u00e9sident Gianni Infantino n\u2019a pas l\u2019intention de faire \u00abmoins bien\u00bb qu\u2019Havelange ou Blatter. Lui, venu pour sauver les meubles, qu\u2019il disait, et renforcer la r\u00e9putation malmen\u00e9e de la grande maison Football (bla, bla, bla \u2026.), va faire exploser la banque.<\/span><\/p>\n<p class=\"p3\"><span class=\"s2\">Son projet de Mondial des clubs qu\u2019il a fait adopter aux USA lors du Conseil de la FIFA tenu \u00e0 Miami, est un pur chef d\u2019\u0153uvre.<\/span><\/p>\n<p class=\"p3\"><span class=\"s2\">Il esp\u00e8re ainsi renflouer les caisses de la FIFA, alors que celle-ci a d\u00e9j\u00e0 plus de pognon qu\u2019il n\u2019en faut.<\/span><\/p>\n<p class=\"p3\"><span class=\"s2\">Mais comme l\u2019UEFA (Europe) est encore plus riche et qu\u2019elle peut devenir g\u00eanante pour l\u2019autorit\u00e9 de senior Infantino, celui-ci esp\u00e8re l\u2019affaiblir en cr\u00e9ant d\u2019autres p\u00f4les de richesse dans le foot.<\/span><\/p>\n<p class=\"p3\"><span class=\"s2\">C\u2019est compliqu\u00e9, bien s\u00fbr, et surtout casse-cou. Et surtout dans les 24 \u00e9quipes l\u2019Afrique, l\u2019Asie, et l\u2019Am\u00e9rique Latine ou l\u2019Oc\u00e9anie, auront toujours moins de place que l\u2019Europe.<\/span><\/p>\n<p class=\"p3\"><span class=\"s2\">Alors \u00e0 quoi bon se d\u00e9mener pour se retrouver avec le m\u00eame probl\u00e8me \u00e0 l\u2019avenir ?<\/span><\/p>\n<p class=\"p3\"><span class=\"s2\">Et puis c\u2019est loin d\u2019\u00eatre fait.<\/span><\/p>\n<p class=\"p3\"><span class=\"s2\">Au Congr\u00e8s de Paris (Juin 2019), \u00e7a risque de chauffer.\u00a0<\/span><\/p>\n<div class=\"c18\">\n<fieldset class=\"c17\">\n<legend><strong><span class=\"c12\">Challenge<\/span><span class=\"c13\">news<\/span><\/strong><\/legend>\n<div class=\"c16\">Le meilleur de la r\u00e9daction s\u00e9lectionn\u00e9 par Challenge :<\/p>\n<\/div>\n<\/fieldset>\n<\/div>\n<p>Auteur: Najib Salmi<br \/>\n<a href=\"https:\/\/www.challenge.ma\/coupes-africaines-des-clubs-et-frmf-lhonneur-est-sauf-106677\/\">Cliquez ici pour lire l&rsquo;article depuis sa source.<\/a><\/p>\n","protected":false},"excerpt":{"rendered":"<p>Est-on vraiment les plus forts ? C\u2019est rentr\u00e9 dans nos habitudes, on peut dire que c\u2019est m\u00eame dans l\u2019ADN de chaque Marocain. Sans exag\u00e9rer, on certifie ici qu\u2019au Maroc, dans notre cher pays, tous les citoyens (et citoyennes) ont la nette impression qu\u2019ils vivent dans le pays du football. Ne leur parlez pas d\u2019Egypte, du [&hellip;]<\/p>\n","protected":false},"author":1787,"featured_media":0,"comment_status":"closed","ping_status":"closed","sticky":false,"template":"","format":"standard","meta":{"fifu_image_url":"","fifu_image_alt":"","footnotes":""},"categories":[78,54],"tags":[],"class_list":["post-24002","post","type-post","status-publish","format-standard","hentry","category-economie","category-maroc"],"_links":{"self":[{"href":"https:\/\/linitiative.ca\/International\/wp-json\/wp\/v2\/posts\/24002","targetHints":{"allow":["GET"]}}],"collection":[{"href":"https:\/\/linitiative.ca\/International\/wp-json\/wp\/v2\/posts"}],"about":[{"href":"https:\/\/linitiative.ca\/International\/wp-json\/wp\/v2\/types\/post"}],"author":[{"embeddable":true,"href":"https:\/\/linitiative.ca\/International\/wp-json\/wp\/v2\/users\/1787"}],"replies":[{"embeddable":true,"href":"https:\/\/linitiative.ca\/International\/wp-json\/wp\/v2\/comments?post=24002"}],"version-history":[{"count":0,"href":"https:\/\/linitiative.ca\/International\/wp-json\/wp\/v2\/posts\/24002\/revisions"}],"wp:attachment":[{"href":"https:\/\/linitiative.ca\/International\/wp-json\/wp\/v2\/media?parent=24002"}],"wp:term":[{"taxonomy":"category","embeddable":true,"href":"https:\/\/linitiative.ca\/International\/wp-json\/wp\/v2\/categories?post=24002"},{"taxonomy":"post_tag","embeddable":true,"href":"https:\/\/linitiative.ca\/International\/wp-json\/wp\/v2\/tags?post=24002"}],"curies":[{"name":"wp","href":"https:\/\/api.w.org\/{rel}","templated":true}]}}