{"id":24019,"date":"2019-03-25T14:01:15","date_gmt":"2019-03-25T18:01:15","guid":{"rendered":"https:\/\/linitiative.ca\/International\/tunisie-ennahdha-pourrait-soutenir-la-candidature-de-kais-saied-aux-presidentielles\/"},"modified":"2019-03-25T14:01:15","modified_gmt":"2019-03-25T18:01:15","slug":"tunisie-ennahdha-pourrait-soutenir-la-candidature-de-kais-saied-aux-presidentielles","status":"publish","type":"post","link":"https:\/\/linitiative.ca\/International\/tunisie-ennahdha-pourrait-soutenir-la-candidature-de-kais-saied-aux-presidentielles\/","title":{"rendered":"Tunisie \u2013 Ennahdha pourrait soutenir la candidature de Ka\u00efs Sa\u00efed aux pr\u00e9sidentielles"},"content":{"rendered":"<div class=\"post-cont-in left relative\">\n<div class=\"nc_socialPanel swp_flatFresh swp_d_fullColor swp_i_fullColor swp_o_fullColor scale-100 scale-fullWidth\" data-position=\"none\" data-float=\"floatNone\" data-count=\"5\" data-floatcolor=\"#ffffff\" data-emphasize=\"0\">\n<div class=\"nc_tweetContainer totes totesalt\" data-id=\"6\"><span class=\"swp_count\"><span class=\"swp_label\">Partages<\/span> 120<\/span><\/div>\n<\/div>\n<p>Le leader au sein du parti islamiste d\u2019Ennahdha, Abdellatif Makki a annonc\u00e9, ce lundi au micro d\u2019une radio priv\u00e9e que son parti pourrait bien soutenir la candidature de Ka\u00efs Sa\u00efed aux prochaines \u00e9lections pr\u00e9sidentielles. D\u2019autant plus, a-t-il ajout\u00e9, que Sa\u00efed poss\u00e8de un bagage acad\u00e9mique et culturel qui pourrait faire de lui un pr\u00e9sident de la R\u00e9publique, bien que de telles qualit\u00e9s, a-t-il pr\u00e9cis\u00e9 ne sont pas suffisantes, en l\u2019absence d\u2019une exp\u00e9rience politique.<\/p>\n<p>Concernant une \u00e9ventuelle candidature de Rached Ghannouchi aux pr\u00e9sidentielle, Makki a d\u00e9clar\u00e9 que les instances du parti n\u2019ont pas encore tranch\u00e9 \u00e0 ce sujet.<\/p>\n<div class=\"code-block code-block-1 c3\"><ins class=\"adsbygoogle c2\" data-ad-layout=\"in-article\" data-ad-format=\"fluid\" data-ad-client=\"ca-pub-2102118777505746\" data-ad-slot=\"7301775417\"\/> <\/div>\n<div class=\"mvp-org-wrap mvp-org-logo\" itemprop=\"publisher\" itemscope=\"\" itemtype=\"https:\/\/schema.org\/Organization\"><img decoding=\"async\" src=\"https:\/\/www.tunisienumerique.com\/wp-content\/uploads\/2017\/02\/logo_tunisie_numerique.png\"\/><\/div>\n<div class=\"nc_socialPanel swp_flatFresh swp_d_fullColor swp_i_fullColor swp_o_fullColor scale-100 scale-fullWidth\" data-position=\"none\" data-float=\"floatNone\" data-count=\"5\" data-floatcolor=\"#ffffff\" data-emphasize=\"0\">\n<div class=\"nc_tweetContainer totes totesalt\" data-id=\"6\"><span class=\"swp_count\"><span class=\"swp_label\">Partages<\/span> 120<\/span><\/div>\n<\/div>\n<div class=\"mvp-related-posts left relative\">\n<h4 class=\"post-header\"><span class=\"post-header\">Lire aussi<\/span><\/h4>\n<\/div>\n<\/div>\n<p>Auteur: LM<br \/>\n<a href=\"https:\/\/www.tunisienumerique.com\/tunisie-ennahdha-pourrait-soutenir-la-candidature-de-kais-saied-aux-presidentielles\/\">Cliquez ici pour lire l&rsquo;article depuis sa source.<\/a><\/p>\n","protected":false},"excerpt":{"rendered":"<p>Partages 120 Le leader au sein du parti islamiste d\u2019Ennahdha, Abdellatif Makki a annonc\u00e9, ce lundi au micro d\u2019une radio priv\u00e9e que son parti pourrait bien soutenir la candidature de Ka\u00efs Sa\u00efed aux prochaines \u00e9lections pr\u00e9sidentielles. D\u2019autant plus, a-t-il ajout\u00e9, que Sa\u00efed poss\u00e8de un bagage acad\u00e9mique et culturel qui pourrait faire de lui un pr\u00e9sident [&hellip;]<\/p>\n","protected":false},"author":1789,"featured_media":24020,"comment_status":"closed","ping_status":"closed","sticky":false,"template":"","format":"standard","meta":{"fifu_image_url":"","fifu_image_alt":"","footnotes":""},"categories":[73,55],"tags":[],"class_list":["post-24019","post","type-post","status-publish","format-standard","has-post-thumbnail","hentry","category-actualite","category-tunisie"],"_links":{"self":[{"href":"https:\/\/linitiative.ca\/International\/wp-json\/wp\/v2\/posts\/24019","targetHints":{"allow":["GET"]}}],"collection":[{"href":"https:\/\/linitiative.ca\/International\/wp-json\/wp\/v2\/posts"}],"about":[{"href":"https:\/\/linitiative.ca\/International\/wp-json\/wp\/v2\/types\/post"}],"author":[{"embeddable":true,"href":"https:\/\/linitiative.ca\/International\/wp-json\/wp\/v2\/users\/1789"}],"replies":[{"embeddable":true,"href":"https:\/\/linitiative.ca\/International\/wp-json\/wp\/v2\/comments?post=24019"}],"version-history":[{"count":0,"href":"https:\/\/linitiative.ca\/International\/wp-json\/wp\/v2\/posts\/24019\/revisions"}],"wp:featuredmedia":[{"embeddable":true,"href":"https:\/\/linitiative.ca\/International\/wp-json\/"}],"wp:attachment":[{"href":"https:\/\/linitiative.ca\/International\/wp-json\/wp\/v2\/media?parent=24019"}],"wp:term":[{"taxonomy":"category","embeddable":true,"href":"https:\/\/linitiative.ca\/International\/wp-json\/wp\/v2\/categories?post=24019"},{"taxonomy":"post_tag","embeddable":true,"href":"https:\/\/linitiative.ca\/International\/wp-json\/wp\/v2\/tags?post=24019"}],"curies":[{"name":"wp","href":"https:\/\/api.w.org\/{rel}","templated":true}]}}