{"id":24023,"date":"2019-03-25T16:50:07","date_gmt":"2019-03-25T20:50:07","guid":{"rendered":"https:\/\/linitiative.ca\/International\/tunisie-sommet-arabe-les-aiguilleurs-du-ciel-veulent-jouer-aux-trouble-fete\/"},"modified":"2019-03-25T16:50:07","modified_gmt":"2019-03-25T20:50:07","slug":"tunisie-sommet-arabe-les-aiguilleurs-du-ciel-veulent-jouer-aux-trouble-fete","status":"publish","type":"post","link":"https:\/\/linitiative.ca\/International\/tunisie-sommet-arabe-les-aiguilleurs-du-ciel-veulent-jouer-aux-trouble-fete\/","title":{"rendered":"Tunisie \u2013 Sommet arabe\u00a0: Les aiguilleurs du ciel veulent jouer aux trouble-f\u00eate"},"content":{"rendered":"<div class=\"post-cont-in left relative\">\n<div class=\"nc_socialPanel swp_flatFresh swp_d_fullColor swp_i_fullColor swp_o_fullColor scale-100 scale-fullWidth\" data-position=\"none\" data-float=\"floatNone\" data-count=\"5\" data-floatcolor=\"#ffffff\" data-emphasize=\"0\">\n<div class=\"nc_tweetContainer totes totesalt\" data-id=\"6\"><span class=\"swp_count\"><span class=\"swp_label\">Partages<\/span> 20<\/span><\/div>\n<\/div>\n<p>Le syndicat des aiguilleurs du ciel a fait savoir, ce lundi, que ses adh\u00e9rents seront en gr\u00e8ve les 29 et 30 mars courant. Soit pile poil, au moment o\u00f9 sont attendu les nombreux appareils transportant les d\u00e9l\u00e9gations et chef de pays arabes pour le sommet de Tunis.<\/p>\n<p>Le syndicat menace de bloquer tout l\u2019espace a\u00e9rien national, emp\u00eachant tout survol, et encore moins tout atterrissage et d\u00e9collage de tous les a\u00e9roports de Tunisie.<\/p>\n<div class=\"code-block code-block-1 c3\"><ins class=\"adsbygoogle c2\" data-ad-layout=\"in-article\" data-ad-format=\"fluid\" data-ad-client=\"ca-pub-2102118777505746\" data-ad-slot=\"7301775417\"\/> <\/div>\n<p>Ils revendiquent la mise en application imm\u00e9diate des accords qu\u2019ils avaient conclu avec la direction de l\u2019OACA en d\u00e9cembre dernier.<\/p>\n<div class=\"mvp-org-wrap mvp-org-logo\" itemprop=\"publisher\" itemscope=\"\" itemtype=\"https:\/\/schema.org\/Organization\"><img decoding=\"async\" src=\"https:\/\/www.tunisienumerique.com\/wp-content\/uploads\/2017\/02\/logo_tunisie_numerique.png\"\/><\/div>\n<div class=\"nc_socialPanel swp_flatFresh swp_d_fullColor swp_i_fullColor swp_o_fullColor scale-100 scale-fullWidth\" data-position=\"none\" data-float=\"floatNone\" data-count=\"5\" data-floatcolor=\"#ffffff\" data-emphasize=\"0\">\n<div class=\"nc_tweetContainer totes totesalt\" data-id=\"6\"><span class=\"swp_count\"><span class=\"swp_label\">Partages<\/span> 20<\/span><\/div>\n<\/div>\n<div class=\"mvp-related-posts left relative\">\n<h4 class=\"post-header\"><span class=\"post-header\">Lire aussi<\/span><\/h4>\n<\/div>\n<\/div>\n<p>Auteur: LM<br \/>\n<a href=\"https:\/\/www.tunisienumerique.com\/tunisie-sommet-arabe-les-aiguilleurs-du-ciel-veulent-jouer-aux-trouble-fete\/\">Cliquez ici pour lire l&rsquo;article depuis sa source.<\/a><\/p>\n","protected":false},"excerpt":{"rendered":"<p>Partages 20 Le syndicat des aiguilleurs du ciel a fait savoir, ce lundi, que ses adh\u00e9rents seront en gr\u00e8ve les 29 et 30 mars courant. Soit pile poil, au moment o\u00f9 sont attendu les nombreux appareils transportant les d\u00e9l\u00e9gations et chef de pays arabes pour le sommet de Tunis. Le syndicat menace de bloquer tout [&hellip;]<\/p>\n","protected":false},"author":1789,"featured_media":24024,"comment_status":"closed","ping_status":"closed","sticky":false,"template":"","format":"standard","meta":{"fifu_image_url":"","fifu_image_alt":"","footnotes":""},"categories":[73,55],"tags":[],"class_list":["post-24023","post","type-post","status-publish","format-standard","has-post-thumbnail","hentry","category-actualite","category-tunisie"],"_links":{"self":[{"href":"https:\/\/linitiative.ca\/International\/wp-json\/wp\/v2\/posts\/24023","targetHints":{"allow":["GET"]}}],"collection":[{"href":"https:\/\/linitiative.ca\/International\/wp-json\/wp\/v2\/posts"}],"about":[{"href":"https:\/\/linitiative.ca\/International\/wp-json\/wp\/v2\/types\/post"}],"author":[{"embeddable":true,"href":"https:\/\/linitiative.ca\/International\/wp-json\/wp\/v2\/users\/1789"}],"replies":[{"embeddable":true,"href":"https:\/\/linitiative.ca\/International\/wp-json\/wp\/v2\/comments?post=24023"}],"version-history":[{"count":0,"href":"https:\/\/linitiative.ca\/International\/wp-json\/wp\/v2\/posts\/24023\/revisions"}],"wp:featuredmedia":[{"embeddable":true,"href":"https:\/\/linitiative.ca\/International\/wp-json\/"}],"wp:attachment":[{"href":"https:\/\/linitiative.ca\/International\/wp-json\/wp\/v2\/media?parent=24023"}],"wp:term":[{"taxonomy":"category","embeddable":true,"href":"https:\/\/linitiative.ca\/International\/wp-json\/wp\/v2\/categories?post=24023"},{"taxonomy":"post_tag","embeddable":true,"href":"https:\/\/linitiative.ca\/International\/wp-json\/wp\/v2\/tags?post=24023"}],"curies":[{"name":"wp","href":"https:\/\/api.w.org\/{rel}","templated":true}]}}