{"id":24025,"date":"2019-03-25T17:17:38","date_gmt":"2019-03-25T21:17:38","guid":{"rendered":"https:\/\/linitiative.ca\/International\/len-termine-sa-preparation-en-vue-daffronter-lalgerie\/"},"modified":"2019-03-25T17:17:38","modified_gmt":"2019-03-25T21:17:38","slug":"len-termine-sa-preparation-en-vue-daffronter-lalgerie","status":"publish","type":"post","link":"https:\/\/linitiative.ca\/International\/len-termine-sa-preparation-en-vue-daffronter-lalgerie\/","title":{"rendered":"L\u2019EN termine sa pr\u00e9paration en vue d\u2019affronter l\u2019Alg\u00e9rie"},"content":{"rendered":"<div class=\"post-cont-in left relative\">\n<div class=\"nc_socialPanel swp_flatFresh swp_d_fullColor swp_i_fullColor swp_o_fullColor scale-100 scale-fullWidth\" data-position=\"none\" data-float=\"floatNone\" data-count=\"5\" data-floatcolor=\"#ffffff\" data-emphasize=\"0\">\n<div class=\"nc_tweetContainer totes totesalt\" data-id=\"6\"><span class=\"swp_count\"><span class=\"swp_label\">Partages<\/span> 0<\/span><\/div>\n<\/div>\n<p><span>La\u00a0<\/span><span>s\u00e9lection tunisienne<\/span><span>\u00a0a effectu\u00e9 aujourd\u2019hui sa derni\u00e8re s\u00e9ance d\u2019entrainement en vue de son match amical face \u00e0 l\u2019Alg\u00e9rie, demain mardi.<\/span><\/p>\n<p><span>Cette s\u00e9ance d\u2019entra\u00eenement a enregistr\u00e9 la participation des tous les joueurs convoqu\u00e9s par le s\u00e9lectionneur Alain\u00a0<\/span><span>Giresse<\/span><span>. La s\u00e9ance s\u2019est termin\u00e9e sur un exercice sur les\u00a0<\/span><span>bals arr\u00eat\u00e9s des diff\u00e9rents angles.<\/span><span>\u00a0<\/span><\/p>\n<div class=\"code-block code-block-1 c3\"><ins class=\"adsbygoogle c2\" data-ad-layout=\"in-article\" data-ad-format=\"fluid\" data-ad-client=\"ca-pub-2102118777505746\" data-ad-slot=\"7301775417\"\/> <\/div>\n<p><span>La r\u00e9union technique se tiendra demain \u00e0 partir de (11h00) en pr\u00e9sence des repr\u00e9sentants des deux s\u00e9lections.<\/span><span>\u00a0<\/span><\/p>\n<p><span>Il est \u00e0 noter que\u00a0l\u2019arbitre marocain\u00a0Samir\u00a0<\/span><span>Kazzaz<\/span><span>\u00a0dirigera le match amical Tunisie-Alg\u00e9rie qui d\u00e9butera \u00e0 partir de (20h45) au stade de Blida.<\/span><span>\u00a0<\/span><\/p>\n<div class=\"mvp-org-wrap mvp-org-logo\" itemprop=\"publisher\" itemscope=\"\" itemtype=\"https:\/\/schema.org\/Organization\"><img decoding=\"async\" src=\"https:\/\/www.tunisienumerique.com\/wp-content\/uploads\/2017\/02\/logo_tunisie_numerique.png\"\/><\/div>\n<div class=\"nc_socialPanel swp_flatFresh swp_d_fullColor swp_i_fullColor swp_o_fullColor scale-100 scale-fullWidth\" data-position=\"none\" data-float=\"floatNone\" data-count=\"5\" data-floatcolor=\"#ffffff\" data-emphasize=\"0\">\n<div class=\"nc_tweetContainer totes totesalt\" data-id=\"6\"><span class=\"swp_count\"><span class=\"swp_label\">Partages<\/span> 0<\/span><\/div>\n<\/div>\n<div class=\"mvp-related-posts left relative\">\n<h4 class=\"post-header\"><span class=\"post-header\">Lire aussi<\/span><\/h4>\n<\/div>\n<\/div>\n<p>Auteur:<br \/>\n<a href=\"https:\/\/www.tunisienumerique.com\/len-termine-preparation-vue-daffronter-lalgerie\/\">Cliquez ici pour lire l&rsquo;article depuis sa source.<\/a><\/p>\n","protected":false},"excerpt":{"rendered":"<p>Partages 0 La\u00a0s\u00e9lection tunisienne\u00a0a effectu\u00e9 aujourd\u2019hui sa derni\u00e8re s\u00e9ance d\u2019entrainement en vue de son match amical face \u00e0 l\u2019Alg\u00e9rie, demain mardi. Cette s\u00e9ance d\u2019entra\u00eenement a enregistr\u00e9 la participation des tous les joueurs convoqu\u00e9s par le s\u00e9lectionneur Alain\u00a0Giresse. La s\u00e9ance s\u2019est termin\u00e9e sur un exercice sur les\u00a0bals arr\u00eat\u00e9s des diff\u00e9rents angles.\u00a0 La r\u00e9union technique se tiendra [&hellip;]<\/p>\n","protected":false},"author":1789,"featured_media":24026,"comment_status":"closed","ping_status":"closed","sticky":false,"template":"","format":"standard","meta":{"fifu_image_url":"","fifu_image_alt":"","footnotes":""},"categories":[73,55],"tags":[],"class_list":["post-24025","post","type-post","status-publish","format-standard","has-post-thumbnail","hentry","category-actualite","category-tunisie"],"_links":{"self":[{"href":"https:\/\/linitiative.ca\/International\/wp-json\/wp\/v2\/posts\/24025","targetHints":{"allow":["GET"]}}],"collection":[{"href":"https:\/\/linitiative.ca\/International\/wp-json\/wp\/v2\/posts"}],"about":[{"href":"https:\/\/linitiative.ca\/International\/wp-json\/wp\/v2\/types\/post"}],"author":[{"embeddable":true,"href":"https:\/\/linitiative.ca\/International\/wp-json\/wp\/v2\/users\/1789"}],"replies":[{"embeddable":true,"href":"https:\/\/linitiative.ca\/International\/wp-json\/wp\/v2\/comments?post=24025"}],"version-history":[{"count":0,"href":"https:\/\/linitiative.ca\/International\/wp-json\/wp\/v2\/posts\/24025\/revisions"}],"wp:featuredmedia":[{"embeddable":true,"href":"https:\/\/linitiative.ca\/International\/wp-json\/"}],"wp:attachment":[{"href":"https:\/\/linitiative.ca\/International\/wp-json\/wp\/v2\/media?parent=24025"}],"wp:term":[{"taxonomy":"category","embeddable":true,"href":"https:\/\/linitiative.ca\/International\/wp-json\/wp\/v2\/categories?post=24025"},{"taxonomy":"post_tag","embeddable":true,"href":"https:\/\/linitiative.ca\/International\/wp-json\/wp\/v2\/tags?post=24025"}],"curies":[{"name":"wp","href":"https:\/\/api.w.org\/{rel}","templated":true}]}}