{"id":24031,"date":"2019-03-25T16:26:19","date_gmt":"2019-03-25T20:26:19","guid":{"rendered":"https:\/\/linitiative.ca\/International\/massacre-de-peulhs-au-mali-letat-doit-sassumer\/"},"modified":"2019-03-25T16:26:19","modified_gmt":"2019-03-25T20:26:19","slug":"massacre-de-peulhs-au-mali-letat-doit-sassumer","status":"publish","type":"post","link":"https:\/\/linitiative.ca\/International\/massacre-de-peulhs-au-mali-letat-doit-sassumer\/","title":{"rendered":"MASSACRE DE PEULHS AU MALI :  L\u2019Etat doit s\u2019assumer"},"content":{"rendered":"<p><img decoding=\"async\" class=\"post_layout_5_img\" src=\"http:\/\/lepays.bf\/wp-content\/uploads\/2019\/03\/massacre-1.jpg\" alt=\"MASSACRE DE PEULHS AU MALI : L\u2019Etat doit s\u2019assumer\"\/><\/p>\n<p class=\"c4\"><em>Au Mali, la multiplication des conflits intercommunautaires a de quoi inqui\u00e9ter plus d\u2019un. C\u2019est le moins que l\u2019on puisse dire avec le massacre de plus de cent Peuls, intervenu le week-end \u00e9coul\u00e9 dans le Centre du pays. Peu avant, soit en d\u00e9but d\u2019ann\u00e9e en cours, des heurts meurtriers avaient d\u00e9j\u00e0 oppos\u00e9 des Dozos aux Peuls dans le cercle de Koro, toujours au Mali. De quoi donner davantage de soucis aux autorit\u00e9s maliennes d\u00e9j\u00e0 en guerre ouverte contre une bande terroriste qui se r\u00e9v\u00e8le plut\u00f4t coriace sur le terrain et qui donne suffisamment du fil \u00e0 retordre \u00e0 la coalition de forces internationales en pr\u00e9sence. C\u2019est dire si le Mali n\u2019a pas besoin de ces conflits intercommunautaires, v\u00e9ritable guerre dans la guerre, autrement plus difficile \u00e0 ma\u00eetriser par des autorit\u00e9s centrales th\u00e9oriquement astreintes \u00e0 la neutralit\u00e9 et qui ne sauraient raisonnablement prendre parti pour un camp contre un autre. La preuve, le pr\u00e9sident Ibrahim Boubakar K\u00e9ita (IBK) en visite sur les lieux du drame, s\u2019est gard\u00e9 de toute prise de position, se contentant de rassurer ses compatriotes encore sous le choc. Pouvait-il en \u00eatre autrement\u00a0? Assur\u00e9ment non\u00a0! D\u2019autant que dans le cas d\u2019esp\u00e8ce, l\u2019on est port\u00e9 \u00e0 penser que ni Barkhane ni les forces internationales ne sauraient g\u00e9rer une telle situation, car ce n\u2019est pas le genre de conflits qui se r\u00e8glent au bazooka. C\u2019est pourquoi ces conflits intercommunautaires constituent un autre gros d\u00e9fi pour Bamako. En tout cas, le Mali est encore loin d\u2019\u00eatre sorti de l\u2019auberge, malgr\u00e9 le d\u00e9ploiement d\u2019importants moyens pour la stabilisation du pays. Car,\u00a0 la r\u00e9currence de ces conflits communautaires constitue une bombe ethnique \u00e0 retardement qui pourrait non seulement exploser \u00e0 tout moment entre les mains des autorit\u00e9s maliennes, mais aussi et surtout mettre \u00e0 mal la coh\u00e9sion sociale et l\u2019union sacr\u00e9e pour faire face \u00e0 l\u2019ennemi commun que sont les djihadistes. C\u2019est pourquoi il est imp\u00e9ratif, pour l\u2019Etat, de trouver la formule pour faire baisser la tension et amener les diff\u00e9rents protagonistes \u00e0 fumer durablement le calumet de la paix. Cela est d\u2019autant plus n\u00e9cessaire que cette situation a g\u00e9n\u00e9r\u00e9 beaucoup de probl\u00e8mes au Mali o\u00f9 les amalgames aidant, certaines communaut\u00e9s ethniques ne sont pas loin d\u2019\u00eatre victimes du d\u00e9lit de faci\u00e8s et de patronyme.<\/em><\/p>\n<p><strong>Il est temps, pour le gouvernement, de prendre ses responsabilit\u00e9s<\/strong><\/p>\n<p class=\"c4\"><em>Et l\u2019appel qu\u2019avait lanc\u00e9 le chef terroriste Amadou Kouffa, \u00e0 la communaut\u00e9 peule, \u00e0 rejoindre le jihad, n\u2019est pas pour arranger les choses pour cette communaut\u00e9 ethnique qui se retrouve dans le collimateur d\u2019autres groupes. D\u2019autant que jusqu\u2019aux forces arm\u00e9es maliennes, il semble y avoir de la m\u00e9fiance vis-\u00e0-vis de ce groupe ethnique auquel le sinistre Amadou Kouffa a voulu donner le visage du terrorisme au Mali.Quoi qu\u2019il en soit, nul ne saurait contester l\u2019impact n\u00e9gatif de cette situation sur la coh\u00e9sion sociale, sans oublier la d\u00e9gradation continue de la situation s\u00e9curitaire dans son ensemble, due \u00e0 l\u2019action conjugu\u00e9e des insurg\u00e9s islamistes et autres groupes terroristes qui \u00e9cument les parties septentrionale et centrale du pays. Toute chose qui vient en rajouter \u00e0 la fragilit\u00e9 d\u2019un tissu \u00e9conomique d\u00e9j\u00e0 fort d\u00e9sarticul\u00e9, mais qui a aussi un impact n\u00e9gatif certain sur d\u2019autres secteurs d\u2019activit\u00e9s comme le monde \u00e9ducatif o\u00f9 les enseignants d\u00e9sertent les classes.\u00a0<\/em> <em>En tout \u00e9tat de cause, tant que les conflits communautaires qui gangr\u00e8nent aujourd\u2019hui le Mali ne seront pas convenablement r\u00e9solus, il serait utopique de penser pouvoir arriver \u00e0 une paix durable. Cette denr\u00e9e devenue rare sur les rives du Djoliba, apr\u00e8s laquelle le pr\u00e9sident Ibrahim Boubacar K\u00e9\u00efta (IBK) court depuis sa prise de fonction et qui est en passe d\u2019user bien de ses babouches. Il est donc temps, pour le gouvernement, de prendre ses responsabilit\u00e9s. Pour ce faire, il doit aller au-del\u00e0 des tr\u00e9molos et sanglots crocodiliens. C\u2019est en cela qu\u2019il faut saluer d\u00e9j\u00e0 la dissolution de la milice dogon Dan Amassagou et les changements intervenus au sein de l\u2019arm\u00e9e malienne.<\/em><br \/><em>\u00a0<\/em><br \/><strong>\u00ab\u00a0Le Pays\u00a0\u00bb<\/strong><\/p>\n<p>Auteur: Le Pays<br \/>\n<a href=\"http:\/\/lepays.bf\/massacre-de-peulhs-au-mali-letat-doit-sassumer\/\">Cliquez ici pour lire l&rsquo;article depuis sa source.<\/a><\/p>\n","protected":false},"excerpt":{"rendered":"<p>Au Mali, la multiplication des conflits intercommunautaires a de quoi inqui\u00e9ter plus d\u2019un. C\u2019est le moins que l\u2019on puisse dire avec le massacre de plus de cent Peuls, intervenu le week-end \u00e9coul\u00e9 dans le Centre du pays. Peu avant, soit en d\u00e9but d\u2019ann\u00e9e en cours, des heurts meurtriers avaient d\u00e9j\u00e0 oppos\u00e9 des Dozos aux Peuls [&hellip;]<\/p>\n","protected":false},"author":1813,"featured_media":24032,"comment_status":"closed","ping_status":"closed","sticky":false,"template":"","format":"standard","meta":{"fifu_image_url":"","fifu_image_alt":"","footnotes":""},"categories":[73,81],"tags":[],"class_list":["post-24031","post","type-post","status-publish","format-standard","has-post-thumbnail","hentry","category-actualite","category-burkina-faso"],"_links":{"self":[{"href":"https:\/\/linitiative.ca\/International\/wp-json\/wp\/v2\/posts\/24031","targetHints":{"allow":["GET"]}}],"collection":[{"href":"https:\/\/linitiative.ca\/International\/wp-json\/wp\/v2\/posts"}],"about":[{"href":"https:\/\/linitiative.ca\/International\/wp-json\/wp\/v2\/types\/post"}],"author":[{"embeddable":true,"href":"https:\/\/linitiative.ca\/International\/wp-json\/wp\/v2\/users\/1813"}],"replies":[{"embeddable":true,"href":"https:\/\/linitiative.ca\/International\/wp-json\/wp\/v2\/comments?post=24031"}],"version-history":[{"count":0,"href":"https:\/\/linitiative.ca\/International\/wp-json\/wp\/v2\/posts\/24031\/revisions"}],"wp:featuredmedia":[{"embeddable":true,"href":"https:\/\/linitiative.ca\/International\/wp-json\/"}],"wp:attachment":[{"href":"https:\/\/linitiative.ca\/International\/wp-json\/wp\/v2\/media?parent=24031"}],"wp:term":[{"taxonomy":"category","embeddable":true,"href":"https:\/\/linitiative.ca\/International\/wp-json\/wp\/v2\/categories?post=24031"},{"taxonomy":"post_tag","embeddable":true,"href":"https:\/\/linitiative.ca\/International\/wp-json\/wp\/v2\/tags?post=24031"}],"curies":[{"name":"wp","href":"https:\/\/api.w.org\/{rel}","templated":true}]}}