{"id":24033,"date":"2019-03-25T16:28:59","date_gmt":"2019-03-25T20:28:59","guid":{"rendered":"https:\/\/linitiative.ca\/International\/clash-entre-le-president-legal-et-le-fondateur-du-fpi-affi-nguessan-victime-de-son-realisme-et-de-son-opportunisme-politiques\/"},"modified":"2019-03-25T16:28:59","modified_gmt":"2019-03-25T20:28:59","slug":"clash-entre-le-president-legal-et-le-fondateur-du-fpi-affi-nguessan-victime-de-son-realisme-et-de-son-opportunisme-politiques","status":"publish","type":"post","link":"https:\/\/linitiative.ca\/International\/clash-entre-le-president-legal-et-le-fondateur-du-fpi-affi-nguessan-victime-de-son-realisme-et-de-son-opportunisme-politiques\/","title":{"rendered":"CLASH ENTRE LE PRESIDENT LEGAL ET LE FONDATEUR DU FPI  : Affi Nguessan victime de son r\u00e9alisme et de son opportunisme politiques"},"content":{"rendered":"<p><img decoding=\"async\" class=\"post_layout_5_img\" src=\"http:\/\/lepays.bf\/wp-content\/uploads\/2019\/03\/clash-1.jpg\" alt=\"CLASH ENTRE LE PRESIDENT LEGAL ET LE FONDATEUR DU FPI : Affi Nguessan victime de son r\u00e9alisme et de son opportunisme politiques\"\/><\/p>\n<p class=\"c4\"><em>La rencontre tant attendue par les militants du Front populaire ivoirien (FPI), entre l\u2019ex-pr\u00e9sident de la R\u00e9publique, Laurent Gbagbo, et son ancien Premier ministre, Pascal Affi Nguessan, n\u2019aura finalement pas eu lieu \u00e0 Bruxelles en Belgique, jeudi dernier, en raison de leur d\u00e9saccord aussi bien sur la forme que sur le contenu de ladite rencontre. Affi Nguessan voulait, en effet, un t\u00eate-\u00e0-t\u00eate avec son ancien mentor pour parler de la r\u00e9unification du parti et de sa remise en ordre de bataille dans la perspective de l\u2019\u00e9lection pr\u00e9sidentielle de 2020. Mais c\u2019est plut\u00f4t des \u00e9missaires du pr\u00e9sident Gbagbo qu\u2019il a re\u00e7us \u00e0 Paris et non pas \u00e0 Bruxelles o\u00f9 r\u00e9side ce dernier depuis sa sortie de prison. Leur message \u00e9tait sans ambigu\u00eft\u00e9\u00a0: Affi Nguessan devra d\u00e9sormais accepter que c\u2019est Laurent Gbagbo qui est le seul ma\u00eetre \u00e0 bord du FPI, et il devra rendre publique cette \u00ab\u00a0reddition\u00a0\u00bb. Pour le d\u00e9put\u00e9 du Bongouanou et actuel pr\u00e9sident officiellement reconnu du parti, ces pr\u00e9alables ne sont ni plus ni moins qu\u2019une volont\u00e9 manifeste de ses interlocuteurs du jour et du pr\u00e9sident Gbagbo lui-m\u00eame, de l\u2019humilier et de le \u00ab\u00a0tuer politiquement\u00a0\u00bb. Il n\u2019en fallait donc pas davantage pour qu\u2019il retourne dare dare \u00e0 Abidjan, et laisse \u00e9clater sa col\u00e8re et sa d\u00e9ception face \u00e0 ce qu\u2019il consid\u00e8re comme un m\u00e9pris et un rejet sans \u00e9quivoque de la main qu\u2019il a tendue \u00e0 ses camarades de la branche dite radicale et notamment au fondateur du parti. Si l\u2019intention de ceux qui ont pr\u00e9par\u00e9 et programm\u00e9 cette rencontre au sommet des deux leaders rivaux du FPI, \u00e9tait de colmater les br\u00e8ches, eh bien, c\u2019est compl\u00e8tement rat\u00e9 puisqu\u2019Affi Nguessan qui semblait dispos\u00e9 \u00e0 faire des concessions \u00e0 Laurent Gbagbo, a durci sa position apr\u00e8s le rendez-vous manqu\u00e9, allant jusqu\u2019\u00e0 rappeler cyniquement \u00e0 ce dernier qu\u2019un gros dossier judiciaire l\u2019attend en C\u00f4te d\u2019Ivoire au cas o\u00f9 il prendrait le risque d\u2019y revenir. Finies donc les attaques \u00e0 fleurets mouchet\u00e9s et par personnes interpos\u00e9es, place d\u00e9sormais au mano a mano entre deux camarades de lutte et de parti qui sont rest\u00e9s fid\u00e8les l\u2019un \u00e0 l\u2019autre jusqu\u2019\u00e0 leur naufrage politique et judiciaire en 2011, suite \u00e0 la crise post\u00e9lectorale.<\/em><\/p>\n<p><strong>Le r\u00e9alisme et le pragmatisme de Pascal Affi Nguessan sont vus par les ultras du FPI, comme une pure trahison et une compromission<\/strong><\/p>\n<p class=\"c4\"><em>A terme, personne ne gagnera au change, puisqu\u2019il est \u00e9vident que si le FPI va aux \u00e9lections de 2020 avec ce bic\u00e9phalisme, il en sortira compl\u00e8tement lamin\u00e9 face \u00e0 la coalition-bulldozer du Rassemblement des houphou\u00eatistes pour la d\u00e9mocratie et la paix (RHDP), actuellement au pouvoir. Comme on peut donc le deviner, ce clash entre Gbagbo et son ancien Premier ministre est une aubaine pour Alassane Ouattara et son camp, d\u2019autant qu\u2019il intervient au moment o\u00f9 le parti pr\u00e9sidentiel est, pour ainsi dire, \u00e0 la peine, apr\u00e8s s\u2019\u00eatre bruyamment s\u00e9par\u00e9 de son bras droit qu\u2019est le PDCI-RDA et de son bras gauche constitu\u00e9 essentiellement de Guillaume Soro et de ses partisans. On avait pourtant r\u00eav\u00e9 d\u2019un face-\u00e0- face \u00e9pique et ind\u00e9cis entre le parti unifi\u00e9 au pouvoir et une \u00e9ventuelle coalition de l\u2019opposition \u00e0 l\u2019occasion de la prochaine pr\u00e9sidentielle. Malheureusement, les ego des uns et l\u2019opportunisme des autres sont en train de compromettre la r\u00e9alisation de ce r\u00eave. Pour ce qui concerne le FPI, la faute est imputable aux partisans de la ligne dure, qui consid\u00e8rent Laurent Gbagbo comme l\u2019alpha et l\u2019om\u00e9ga du parti, alors que ce dernier n\u2019a m\u00eame pas encore fini avec ses d\u00e9boires judiciaires. Par ailleurs, la Justice ivoirienne a d\u00e9j\u00e0 tranch\u00e9 la question de la pr\u00e9sidence du parti qui \u00e9choit \u00e0 Affi Nguessan depuis l\u2019arr\u00eat rendu le 3 avril 2015, consacrant ainsi la victoire des colombes sur les faucons qui se voient d\u00e9sormais interdits d\u2019utiliser le nom et le logotype du parti. Pour le pr\u00e9sident l\u00e9galement reconnu, il n\u2019est pas question de laisser le parti dans la l\u00e9thargie jusqu\u2019au retour improbable de son fondateur embastill\u00e9 \u00e0 La Haye, et la meilleure fa\u00e7on de plaider sa cause, c\u2019est de participer aux \u00e9lections, de les gagner afin de n\u00e9gocier son \u00e9largissement au nom de la r\u00e9conciliation nationale. C\u2019est du politiquement correct, mais ce r\u00e9alisme et ce pragmatisme de Pascal Affi Nguessan sont vus par les ultras du FPI, comme une pure trahison et une compromission qui ne feraient que l\u00e9gitimer le pouvoir d\u2019Alassane Ouattara. La d\u00e9chirure \u00e0 laquelle on assiste aujourd\u2019hui et les piques que se lancent les diff\u00e9rents protagonistes de la crise, ont donc pour toile de fond la pr\u00e9sidentielle de 2020, et tout porte \u00e0 croire que c\u2019est Affi Nguessan qui sera le porte-\u00e9tendard du parti, puisqu\u2019il a avec lui la l\u00e9galit\u00e9, mais \u00e9galement le soutien tacite du camp pr\u00e9sidentiel qui ne verrait pas d\u2019un mauvais \u0153il une descente aux enfers de la branche jusqu\u2019au-boutiste du FPI, et une candidature molle et pour la forme, de l\u2019aile mod\u00e9r\u00e9e. En tout \u00e9tat de cause, il faudra attendre les semaines \u00e0 venir pour appr\u00e9cier le degr\u00e9 de pourrissement de la situation aussi bien au FPI qu\u2019au PDCI-RDA avant de confirmer ou non, les propos outrageusement triomphalistes du ministre d\u2019Etat, ministre ivoirien de la D\u00e9fense et cacique du parti au pouvoir, Hamed Bakayoko, selon lesquels \u00ab 2020, c\u2019est d\u00e9j\u00e0 pli\u00e9 \u00bb.<\/em><\/p>\n<p><strong>Hamadou GADIAGA<\/strong><\/p>\n<p>Auteur: Le Pays<br \/>\n<a href=\"http:\/\/lepays.bf\/clash-entre-le-president-legal-et-le-fondateur-du-fpi-affi-nguessan-victime-de-son-realisme-et-de-son-opportunisme-politiques-2\/\">Cliquez ici pour lire l&rsquo;article depuis sa source.<\/a><\/p>\n","protected":false},"excerpt":{"rendered":"<p>La rencontre tant attendue par les militants du Front populaire ivoirien (FPI), entre l\u2019ex-pr\u00e9sident de la R\u00e9publique, Laurent Gbagbo, et son ancien Premier ministre, Pascal Affi Nguessan, n\u2019aura finalement pas eu lieu \u00e0 Bruxelles en Belgique, jeudi dernier, en raison de leur d\u00e9saccord aussi bien sur la forme que sur le contenu de ladite rencontre. [&hellip;]<\/p>\n","protected":false},"author":1813,"featured_media":24034,"comment_status":"closed","ping_status":"closed","sticky":false,"template":"","format":"standard","meta":{"fifu_image_url":"","fifu_image_alt":"","footnotes":""},"categories":[73,81],"tags":[],"class_list":["post-24033","post","type-post","status-publish","format-standard","has-post-thumbnail","hentry","category-actualite","category-burkina-faso"],"_links":{"self":[{"href":"https:\/\/linitiative.ca\/International\/wp-json\/wp\/v2\/posts\/24033","targetHints":{"allow":["GET"]}}],"collection":[{"href":"https:\/\/linitiative.ca\/International\/wp-json\/wp\/v2\/posts"}],"about":[{"href":"https:\/\/linitiative.ca\/International\/wp-json\/wp\/v2\/types\/post"}],"author":[{"embeddable":true,"href":"https:\/\/linitiative.ca\/International\/wp-json\/wp\/v2\/users\/1813"}],"replies":[{"embeddable":true,"href":"https:\/\/linitiative.ca\/International\/wp-json\/wp\/v2\/comments?post=24033"}],"version-history":[{"count":0,"href":"https:\/\/linitiative.ca\/International\/wp-json\/wp\/v2\/posts\/24033\/revisions"}],"wp:featuredmedia":[{"embeddable":true,"href":"https:\/\/linitiative.ca\/International\/wp-json\/"}],"wp:attachment":[{"href":"https:\/\/linitiative.ca\/International\/wp-json\/wp\/v2\/media?parent=24033"}],"wp:term":[{"taxonomy":"category","embeddable":true,"href":"https:\/\/linitiative.ca\/International\/wp-json\/wp\/v2\/categories?post=24033"},{"taxonomy":"post_tag","embeddable":true,"href":"https:\/\/linitiative.ca\/International\/wp-json\/wp\/v2\/tags?post=24033"}],"curies":[{"name":"wp","href":"https:\/\/api.w.org\/{rel}","templated":true}]}}