{"id":24038,"date":"2019-03-24T17:47:14","date_gmt":"2019-03-24T21:47:14","guid":{"rendered":"https:\/\/linitiative.ca\/International\/lutte-contre-le-terrorisme-le-conseil-de-securite-de-lonu-echange-avec-le-gouvernement\/"},"modified":"2019-03-24T17:47:14","modified_gmt":"2019-03-24T21:47:14","slug":"lutte-contre-le-terrorisme-le-conseil-de-securite-de-lonu-echange-avec-le-gouvernement","status":"publish","type":"post","link":"https:\/\/linitiative.ca\/International\/lutte-contre-le-terrorisme-le-conseil-de-securite-de-lonu-echange-avec-le-gouvernement\/","title":{"rendered":"Lutte contre le terrorisme : Le Conseil de s\u00e9curit\u00e9 de l\u2019ONU \u00e9change avec le gouvernement"},"content":{"rendered":"<div class=\"td-post-featured-image\"><a href=\"https:\/\/i2.wp.com\/www.sidwaya.info\/wp-content\/uploads\/2019\/03\/Rencontre-Gouv.jpg?fit=600%2C400&#038;ssl=1\" data-caption=\"\"><img loading=\"lazy\" decoding=\"async\" width=\"600\" height=\"400\" class=\"entry-thumb td-modal-image\" src=\"https:\/\/i2.wp.com\/www.sidwaya.info\/wp-content\/uploads\/2019\/03\/Rencontre-Gouv.jpg?resize=600%2C400&#038;ssl=1\" srcset=\"https:\/\/i2.wp.com\/www.sidwaya.info\/wp-content\/uploads\/2019\/03\/Rencontre-Gouv.jpg?w=600&#038;ssl=1 600w, https:\/\/i2.wp.com\/www.sidwaya.info\/wp-content\/uploads\/2019\/03\/Rencontre-Gouv.jpg?resize=300%2C200&#038;ssl=1 300w\" sizes=\"auto, (max-width: 600px) 100vw, 600px\" alt=\"\" title=\"Rencontre-Gouv+\"\/><\/a><\/div>\n<div class=\"td-a-rec td-a-rec-id-content_top td_uid_30_5c994ba6f11e4_rand td_block_template_1\"><img loading=\"lazy\" decoding=\"async\" class=\"aligncenter size-full wp-image-4463\" src=\"https:\/\/www.sidwaya.info\/wp-content\/uploads\/2019\/02\/FESPACO-TOUR-2019-Bannie%CC%80re-728x90-1.jpg\" alt=\"\" width=\"728\" height=\"90\"\/><\/div>\n<p><strong>Les quinze Etats membres du Conseil de s\u00e9curit\u00e9 de l\u2019Organisation des Nations Unies ont eu une s\u00e9ance de travail avec le gouvernement burkinab\u00e8, le dimanche 24 mars 2019 \u00e0 Ouagadougou.<\/strong><\/p>\n<p>La situation s\u00e9curitaire dans la bande Sah\u00e9lo-sah\u00e9lienne et particuli\u00e8re au Burkina Faso pr\u00e9occupe le Conseil de s\u00e9curit\u00e9 des Nations Unies. L\u2019organe onusien a eu \u00e0 cet effet une s\u00e9ance de travail avec l\u2019ex\u00e9cutif burkinab\u00e8, hier dimanche 24 mars 2019 \u00e0 Ouagadougou.<\/p>\n<p>Constitu\u00e9s des ambassadeurs, des repr\u00e9sentants permanents ou repr\u00e9sentants permanents adjoints des 15 Etats membres, la rencontre, tenue \u00e0 huis clos, a \u00e9t\u00e9 \u00e9largie aux experts du Conseil de s\u00e9curit\u00e9, aux repr\u00e9sentants du G5 Sahel ainsi qu\u2019\u00e0 d\u2019autres structures. Selon le ministre des Affaires \u00e9trang\u00e8res et de la Coop\u00e9ration, Alpha Barry, d\u2019autres rencontres auxquelles le Burkina a particip\u00e9 \u00e0 Bamako, les 22 et 23 mars derniers, s\u2019inscrivent dans le m\u00eame cadre.<\/p>\n<p>A l\u2019issue de ces diff\u00e9rentes rencontres, le ministre a indiqu\u00e9 qu\u2019une derni\u00e8re s\u00e9ance de travail se tiendra avec le chef de l\u2019Etat burkinab\u00e8, Roch Marc Christian Kabor\u00e9, pr\u00e9sident en exercice du G5 Sahel. De son avis, cette s\u00e9rie de rencontres a pour but de pr\u00e9parer une session sp\u00e9ciale du Conseil de s\u00e9curit\u00e9 pr\u00e9vue \u00e0 New York le 28 mars prochain.<\/p>\n<p><strong>Abdoulaye BALBONE<\/strong><\/p>\n<div class=\"td-a-rec td-a-rec-id-content_bottom td_uid_31_5c994ba6f1425_rand td_block_template_1\"><img loading=\"lazy\" decoding=\"async\" class=\"alignright size-full wp-image-1724\" src=\"https:\/\/www.sidwaya.info\/wp-content\/uploads\/2018\/12\/sidwaya-pub.jpg\" alt=\"\" width=\"720\" height=\"90\"\/><\/div>\n<p>Auteur: DB. Sidwaya<br \/>\n<a href=\"https:\/\/www.sidwaya.info\/blog\/2019\/03\/24\/lutte-contre-le-terrorisme-le-conseil-de-securite-de-lonu-echange-avec-le-gouvernement\/\">Cliquez ici pour lire l&rsquo;article depuis sa source.<\/a><\/p>\n","protected":false},"excerpt":{"rendered":"<p>Les quinze Etats membres du Conseil de s\u00e9curit\u00e9 de l\u2019Organisation des Nations Unies ont eu une s\u00e9ance de travail avec le gouvernement burkinab\u00e8, le dimanche 24 mars 2019 \u00e0 Ouagadougou. La situation s\u00e9curitaire dans la bande Sah\u00e9lo-sah\u00e9lienne et particuli\u00e8re au Burkina Faso pr\u00e9occupe le Conseil de s\u00e9curit\u00e9 des Nations Unies. L\u2019organe onusien a eu \u00e0 [&hellip;]<\/p>\n","protected":false},"author":1816,"featured_media":0,"comment_status":"closed","ping_status":"closed","sticky":false,"template":"","format":"standard","meta":{"fifu_image_url":"","fifu_image_alt":"","footnotes":""},"categories":[73,81],"tags":[],"class_list":["post-24038","post","type-post","status-publish","format-standard","hentry","category-actualite","category-burkina-faso"],"_links":{"self":[{"href":"https:\/\/linitiative.ca\/International\/wp-json\/wp\/v2\/posts\/24038","targetHints":{"allow":["GET"]}}],"collection":[{"href":"https:\/\/linitiative.ca\/International\/wp-json\/wp\/v2\/posts"}],"about":[{"href":"https:\/\/linitiative.ca\/International\/wp-json\/wp\/v2\/types\/post"}],"author":[{"embeddable":true,"href":"https:\/\/linitiative.ca\/International\/wp-json\/wp\/v2\/users\/1816"}],"replies":[{"embeddable":true,"href":"https:\/\/linitiative.ca\/International\/wp-json\/wp\/v2\/comments?post=24038"}],"version-history":[{"count":0,"href":"https:\/\/linitiative.ca\/International\/wp-json\/wp\/v2\/posts\/24038\/revisions"}],"wp:attachment":[{"href":"https:\/\/linitiative.ca\/International\/wp-json\/wp\/v2\/media?parent=24038"}],"wp:term":[{"taxonomy":"category","embeddable":true,"href":"https:\/\/linitiative.ca\/International\/wp-json\/wp\/v2\/categories?post=24038"},{"taxonomy":"post_tag","embeddable":true,"href":"https:\/\/linitiative.ca\/International\/wp-json\/wp\/v2\/tags?post=24038"}],"curies":[{"name":"wp","href":"https:\/\/api.w.org\/{rel}","templated":true}]}}