{"id":24055,"date":"2019-03-25T16:50:02","date_gmt":"2019-03-25T20:50:02","guid":{"rendered":"https:\/\/linitiative.ca\/International\/le-venezuela-de-nouveau-prive-delectricite\/"},"modified":"2019-03-25T16:50:02","modified_gmt":"2019-03-25T20:50:02","slug":"le-venezuela-de-nouveau-prive-delectricite","status":"publish","type":"post","link":"https:\/\/linitiative.ca\/International\/le-venezuela-de-nouveau-prive-delectricite\/","title":{"rendered":"Le Venezuela de nouveau priv\u00e9 d\u2019\u00e9lectricit\u00e9"},"content":{"rendered":"<div readability=\"32\">\n<p>Publi\u00e9 le 25.03.2019 \u00e0 21h50 par AFP<\/p>\n<\/div>\n<div readability=\"154\">\n<p>Le Venezuela \u00e9tait de nouveau priv\u00e9 d\u2019\u00e9lectricit\u00e9 lundi depuis la mi-journ\u00e9e en raison d\u2019une panne qui touche la capitale et les principales r\u00e9gions du pays, deux semaines apr\u00e8s la gigantesque coupure de courant qui l\u2019avait paralys\u00e9.<\/p>\n<p>\u00ab\u00a0Mais comment vais-je rentrer chez moi ?\u00a0\u00bb se demande Ana Gonzalez, petite femme menue de 64 ans, employ\u00e9e dans un magasin de Caracas qui s\u2019appr\u00eatait \u00e0 fermer en d\u00e9but d\u2019apr\u00e8s-midi. \u00ab\u00a0Il n\u2019y a pas de m\u00e9tro, il me faudra au moins deux heures parce que je me d\u00e9place lentement\u00a0\u00bb confie-t-elle \u00e0 l\u2019AFP.<\/p>\n<p>Le courant a \u00e9t\u00e9 coup\u00e9 \u00e0 13H20 (17H20 GMT), suspendant aussit\u00f4t les feux de signalisation, le m\u00e9tro, les r\u00e9seaux de t\u00e9l\u00e9phones portables ainsi que l\u2019internet et obligeant les magasins \u00e0 baisser le rideau.<\/p>\n<p>En plus de la capitale, au moins huit des 22 Etats abritant les principales villes du pays sont touch\u00e9s, selon les messages affluant sur Twitter accompagn\u00e9s du mot-di\u00e8se #SinLuz (#SansLumi\u00e8re), aussit\u00f4t remis en activit\u00e9 par les habitants pour signaler leur situation.<\/p>\n<p>Le courant \u00e9tait ainsi coup\u00e9 \u00e0 l\u2019est, dans la ville de Barcelona et l\u2019Etat d\u2019Anzoategui, dans le Sud \u00e0 Ciudad Bolivar, et dans l\u2019ouest \u00e0 Carabobo, Vargas, Barinas, Barquisimeto et Merida dans les Andes, jusqu\u2019\u00e0 la fronti\u00e8re colombienne dans l\u2019Etat de Tachira.<\/p>\n<p>Dans d\u2019autres localit\u00e9s, dont Maracaibo, la capitale p\u00e9troli\u00e8re et l\u2019Etat de Zulia, les internautes signalaient un courant \u00ab\u00a0instable\u00a0\u00bb, une lumi\u00e8re \u00ab\u00a0qui va et vient\u00a0\u00bb.<\/p>\n<p>\u2013 \u00ab\u00a0Pas une autre panne!\u00a0\u00bb \u2013<\/p>\n<p>\u00ab\u00a0Oh non mon Dieu! pas une autre panne!\u00a0\u00bb s\u2019exclamait sur Twitter une jeune fille, Flore Melero.<\/p>\n<p>Le pays se remet \u00e0 peine d\u2019une gigantesque panne g\u00e9n\u00e9ralis\u00e9e du 7 au 14 mars, qui a suspendu les communications, les transports publics, la distribution de l\u2019eau et du carburant ainsi que les approvisionnements en nourriture, et cr\u00e9\u00e9 une situation chaotique dans les \u00e9tablissements de soins.<\/p>\n<p>Selon une \u00e9tude du Parlement v\u00e9n\u00e9zu\u00e9lien \u2013 domin\u00e9 par l\u2019opposition \u2013 et de l\u2019ONG Medicos por la Salud, seule la moiti\u00e9 des h\u00f4pitaux du pays sont \u00e9quip\u00e9s de g\u00e9n\u00e9rateurs.<\/p>\n<p>Les \u00e9coles et les administrations \u00e9taient rest\u00e9es ferm\u00e9es pendant sept jours et l\u2019ensemble de l\u2019\u00e9conomie, dont la production p\u00e9troli\u00e8re, mise \u00e0 l\u2019arr\u00eat.<\/p>\n<p><ins data-revive-zoneid=\"9\" data-revive-id=\"10111e19d28d19d031742ee3b0b33eb0\"\/> <\/p>\n<p>Les premi\u00e8res r\u00e9actions recueillies par l\u2019AFP t\u00e9moignaient de l\u2019abattement de la population d\u00e9j\u00e0 fortement \u00e9prouv\u00e9e par la panne du 7 mars. \u00ab\u00a0Tout \u00e7a nous entrave \u00e9norm\u00e9ment dans nos activit\u00e9s\u00a0\u00bb se lamente Yoan, \u00e9lectricien qui met la main aux derni\u00e8res finitions d\u2019une boutique de yaourts glac\u00e9s.<\/p>\n<p>\u00ab\u00a0Ils ne r\u00e9parent rien, les experts les avaient pourtant pr\u00e9venus\u00a0\u00bb, ajoute Rafael, contraint de fermer son imprimerie\u00a0\u00bb.<\/p>\n<p>La derni\u00e8re fois, le gouvernement de Nicolas Maduro avait accus\u00e9 les Etats-Unis d\u2019avoir conduit une attaque \u00ab\u00a0cybern\u00e9tique\u00a0\u00bb contre la principale centrale du pays, Gurri, dans le sud, qui alimente 80% du territoire. Les observateurs avaient en revanche attribu\u00e9 la panne \u00e0 un d\u00e9faut d\u2019investissements et d\u2019entretien des infrastructures.<\/p>\n<p>\u2013 A\u00e9roport dans le noir \u2013<\/p>\n<p>\u00ab\u00a0Qui vont-ils accuser cette fois? E.T?\u00a0\u00bb ironise sur Twitter Jorge Arreaza qui signale que la lumi\u00e8re est \u00e9teinte \u00e0 l\u2019a\u00e9roport international. Il \u00e9tait cependant impossible de savoir si les vols \u00e9taient maintenus ou pas.<\/p>\n<p>Dans un pays min\u00e9 par l\u2019inflation \u2013 10 millions pour cent projet\u00e9s par le FMI en 2019 \u2013 les transactions \u00e9lectroniques se sont g\u00e9n\u00e9ralis\u00e9es, m\u00eame pour les achats quotidiens en raison du manque de billets : la plus grosse coupure disponible, de 500 bolivars, permet tout juste d\u2019acheter cinq cigarettes.<\/p>\n<p>L\u2019absence de courant paralysant les terminaux de paiements, la population avait \u00e9prouv\u00e9 le plus grand mal \u00e0 effectuer la moindre op\u00e9ration et \u00e0 se ravitailler. Seules les personnes en possession de dollars avaient pu se tirer d\u2019affaire .<\/p>\n<p>Le chef de l\u2019Etat Nicolas Maduro, dont le pouvoir est contest\u00e9 par le chef de l\u2019opposition Juan Guaido qui s\u2019est proclam\u00e9 pr\u00e9sident par int\u00e9rim le 23 janvier, avait annonc\u00e9 la cr\u00e9ation d\u2019une \u00ab\u00a0commission d\u2019enqu\u00eate pr\u00e9sidentielle\u00a0\u00bb pr\u00e9sid\u00e9e par la vice-pr\u00e9sidente Delcy Rodriguez pour enqu\u00eater sur la panne du 7 mars.<\/p>\n<p>Il avait l\u2019intention de solliciter l\u2019aide des Nations unies, de la Chine et de la Russie.<\/p>\n<p>\u00ab\u00a0On a des preuves qu\u2019il s\u2019agissait d\u2019une cyberattaque men\u00e9e depuis Houston et Chicago\u00a0\u00bb aux Etats-Unis, avait-il insist\u00e9 en d\u00e9signant \u00ab\u00a0le Pentagone\u00a0\u00bb \u2013 le minist\u00e8re am\u00e9ricain de la D\u00e9fense \u2013 comme le \u00ab\u00a0commanditaire\u00a0\u00bb.<\/p>\n<\/div>\n<p>Auteur: AFP<br \/>\n<a href=\"https:\/\/www.journalducameroun.com\/fr\/le-venezuela-de-nouveau-prive-delectricite\/\">Cliquez ici pour lire l&rsquo;article depuis sa source.<\/a><\/p>\n","protected":false},"excerpt":{"rendered":"<p>Publi\u00e9 le 25.03.2019 \u00e0 21h50 par AFP Le Venezuela \u00e9tait de nouveau priv\u00e9 d\u2019\u00e9lectricit\u00e9 lundi depuis la mi-journ\u00e9e en raison d\u2019une panne qui touche la capitale et les principales r\u00e9gions du pays, deux semaines apr\u00e8s la gigantesque coupure de courant qui l\u2019avait paralys\u00e9. \u00ab\u00a0Mais comment vais-je rentrer chez moi ?\u00a0\u00bb se demande Ana Gonzalez, petite [&hellip;]<\/p>\n","protected":false},"author":1965,"featured_media":0,"comment_status":"closed","ping_status":"closed","sticky":false,"template":"","format":"standard","meta":{"fifu_image_url":"","fifu_image_alt":"","footnotes":""},"categories":[73,82],"tags":[],"class_list":["post-24055","post","type-post","status-publish","format-standard","hentry","category-actualite","category-cameroun"],"_links":{"self":[{"href":"https:\/\/linitiative.ca\/International\/wp-json\/wp\/v2\/posts\/24055","targetHints":{"allow":["GET"]}}],"collection":[{"href":"https:\/\/linitiative.ca\/International\/wp-json\/wp\/v2\/posts"}],"about":[{"href":"https:\/\/linitiative.ca\/International\/wp-json\/wp\/v2\/types\/post"}],"author":[{"embeddable":true,"href":"https:\/\/linitiative.ca\/International\/wp-json\/wp\/v2\/users\/1965"}],"replies":[{"embeddable":true,"href":"https:\/\/linitiative.ca\/International\/wp-json\/wp\/v2\/comments?post=24055"}],"version-history":[{"count":0,"href":"https:\/\/linitiative.ca\/International\/wp-json\/wp\/v2\/posts\/24055\/revisions"}],"wp:attachment":[{"href":"https:\/\/linitiative.ca\/International\/wp-json\/wp\/v2\/media?parent=24055"}],"wp:term":[{"taxonomy":"category","embeddable":true,"href":"https:\/\/linitiative.ca\/International\/wp-json\/wp\/v2\/categories?post=24055"},{"taxonomy":"post_tag","embeddable":true,"href":"https:\/\/linitiative.ca\/International\/wp-json\/wp\/v2\/tags?post=24055"}],"curies":[{"name":"wp","href":"https:\/\/api.w.org\/{rel}","templated":true}]}}