{"id":24056,"date":"2019-03-25T16:50:03","date_gmt":"2019-03-25T20:50:03","guid":{"rendered":"https:\/\/linitiative.ca\/International\/catalogne-des-senateurs-francais-denoncent-la-repression-delus-lexecutif-les-rappelle-a-lordre\/"},"modified":"2019-03-25T16:50:03","modified_gmt":"2019-03-25T20:50:03","slug":"catalogne-des-senateurs-francais-denoncent-la-repression-delus-lexecutif-les-rappelle-a-lordre","status":"publish","type":"post","link":"https:\/\/linitiative.ca\/International\/catalogne-des-senateurs-francais-denoncent-la-repression-delus-lexecutif-les-rappelle-a-lordre\/","title":{"rendered":"Catalogne: des s\u00e9nateurs fran\u00e7ais d\u00e9noncent \u00ab\u00a0la r\u00e9pression d\u2019\u00e9lus\u00a0\u00bb, l\u2019ex\u00e9cutif les rappelle \u00e0 l\u2019ordre"},"content":{"rendered":"<div readability=\"32\">\n<p>Publi\u00e9 le 25.03.2019 \u00e0 21h50 par AFP<\/p>\n<\/div>\n<div readability=\"89\">\n<p>Le gouvernement fran\u00e7ais a affirm\u00e9 lundi son clair soutien \u00e0 \u00ab\u00a0l\u2019unit\u00e9 de l\u2019Espagne\u00a0\u00bb, en forme de rappel \u00e0 l\u2019ordre apr\u00e8s la tribune de s\u00e9nateurs d\u00e9non\u00e7ant \u00ab\u00a0la r\u00e9pression d\u2019\u00e9lus\u00a0\u00bb ind\u00e9pendantistes catalans, dont certains sont en proc\u00e8s.<\/p>\n<p>\u00ab\u00a0Il n\u2019appartient pas \u00e0 la France de s\u2019immiscer dans des proc\u00e9dures judiciaires en cours\u00a0\u00bb, \u00e9crit le Quai d\u2019Orsay dans un communiqu\u00e9, rappelant l\u2019attachement de la France \u00ab\u00a0\u00e0 l\u2019unit\u00e9 et \u00e0 l\u2019int\u00e9grit\u00e9 de l\u2019Espagne\u00a0\u00bb.<\/p>\n<p>\u00ab\u00a0C\u2019est un sujet qui rel\u00e8ve de la responsabilit\u00e9 de l\u2019Espagne, qui est un \u00c9tat de droit, dans lequel personne \u2013fut-il parlementaire fran\u00e7ais- n\u2019a \u00e0 s\u2019immiscer\u00a0\u00bb, avait auparavant twitt\u00e9 la ministre des Affaires europ\u00e9ennes Nathalie Loiseau.<\/p>\n<p>\u00ab\u00a0A l\u2019heure o\u00f9 l\u2019esprit d\u2019unit\u00e9 et de solidarit\u00e9 doit plus que jamais nous guider dans la relance du projet europ\u00e9en, les autorit\u00e9s fran\u00e7aises rappellent leur attachement \u00e0 une Espagne forte et unie et leur plein soutien aux autorit\u00e9s espagnoles\u00a0\u00bb, souligne le Quai d\u2019Orsay.<\/p>\n<p>La France r\u00e9affirme sa pleine \u00ab\u00a0confiance dans la capacit\u00e9 de la d\u00e9mocratie espagnole \u00e0 conduire un dialogue politique apais\u00e9, respectueux de la l\u00e9galit\u00e9 constitutionnelle et de l\u2019Etat de droit\u00a0\u00bb.<\/p>\n<p>Une mise au point apr\u00e8s un appel lanc\u00e9 par 41 s\u00e9nateurs de droite (LR), du parti pr\u00e9sidentiel LREM, comme de gauche (PS, PCF) et publi\u00e9 par le s\u00e9nateur (LREM) Andr\u00e9 Gattolin dimanche sur le site en ligne M\u00e9diapart.<\/p>\n<p><ins data-revive-zoneid=\"9\" data-revive-id=\"10111e19d28d19d031742ee3b0b33eb0\"\/> <\/p>\n<p>Ces \u00e9lus d\u00e9noncent \u00ab\u00a0la r\u00e9pression d\u2019\u00e9lus l\u00e9gitimes, repr\u00e9sentants politiques de la Generalitat de Catalogne, emprisonn\u00e9s ou forc\u00e9s \u00e0 l\u2019exil pour leurs opinions dans l\u2019exercice des mandats que leur ont confi\u00e9s les \u00e9lecteurs\u00a0\u00bb.<\/p>\n<p>Constatant \u00ab\u00a0une v\u00e9ritable atteinte aux droits et aux libert\u00e9s d\u00e9mocratiques\u00a0\u00bb, ils demandent \u00e0 la France et aux pays de l\u2019Union europ\u00e9ennes d\u2019intervenir \u00ab\u00a0pour r\u00e9tablir les conditions du dialogue afin de trouver des solutions politiques \u00e0 un probl\u00e8me politique\u00a0\u00bb.<\/p>\n<p>L\u2019ancien Premier ministre Manuel Valls, candidat \u00e0 la mairie de Barcelone, avait r\u00e9agi sur twitter qualifiant le manifeste \u00ab\u00a0d\u2019irresponsable\u00a0\u00bb et invitant \u00ab\u00a0ces 41 s\u00e9nateurs \u00e0 suivre en direct le proc\u00e8s de ceux qui ont viol\u00e9 la Constitution espagnole\u00a0\u00bb. Il a par la suite salu\u00e9 \u00ab\u00a0le soutien du gouvernement fran\u00e7ais \u00e0 l\u2019unit\u00e9 de l\u2019Espagne\u00a0\u00bb.<\/p>\n<p>Douze anciens \u00e9lus ou responsables d\u2019associations ind\u00e9pendantistes comparaissent depuis le 12 f\u00e9vrier pour la tenue d\u2019un r\u00e9f\u00e9rendum d\u2019autod\u00e9termination interdit le 1er octobre 2017 et la proclamation d\u2019une \u00ab\u00a0r\u00e9publique catalane ind\u00e9pendante\u00a0\u00bb le 27 octobre.<\/p>\n<\/div>\n<p>Auteur: AFP<br \/>\n<a href=\"https:\/\/www.journalducameroun.com\/fr\/catalogne-des-senateurs-francais-denoncent-la-repression-delus-lexecutif-les-rappelle-a-lordre\/\">Cliquez ici pour lire l&rsquo;article depuis sa source.<\/a><\/p>\n","protected":false},"excerpt":{"rendered":"<p>Publi\u00e9 le 25.03.2019 \u00e0 21h50 par AFP Le gouvernement fran\u00e7ais a affirm\u00e9 lundi son clair soutien \u00e0 \u00ab\u00a0l\u2019unit\u00e9 de l\u2019Espagne\u00a0\u00bb, en forme de rappel \u00e0 l\u2019ordre apr\u00e8s la tribune de s\u00e9nateurs d\u00e9non\u00e7ant \u00ab\u00a0la r\u00e9pression d\u2019\u00e9lus\u00a0\u00bb ind\u00e9pendantistes catalans, dont certains sont en proc\u00e8s. \u00ab\u00a0Il n\u2019appartient pas \u00e0 la France de s\u2019immiscer dans des proc\u00e9dures judiciaires en [&hellip;]<\/p>\n","protected":false},"author":1965,"featured_media":0,"comment_status":"closed","ping_status":"closed","sticky":false,"template":"","format":"standard","meta":{"fifu_image_url":"","fifu_image_alt":"","footnotes":""},"categories":[73,82],"tags":[],"class_list":["post-24056","post","type-post","status-publish","format-standard","hentry","category-actualite","category-cameroun"],"_links":{"self":[{"href":"https:\/\/linitiative.ca\/International\/wp-json\/wp\/v2\/posts\/24056","targetHints":{"allow":["GET"]}}],"collection":[{"href":"https:\/\/linitiative.ca\/International\/wp-json\/wp\/v2\/posts"}],"about":[{"href":"https:\/\/linitiative.ca\/International\/wp-json\/wp\/v2\/types\/post"}],"author":[{"embeddable":true,"href":"https:\/\/linitiative.ca\/International\/wp-json\/wp\/v2\/users\/1965"}],"replies":[{"embeddable":true,"href":"https:\/\/linitiative.ca\/International\/wp-json\/wp\/v2\/comments?post=24056"}],"version-history":[{"count":0,"href":"https:\/\/linitiative.ca\/International\/wp-json\/wp\/v2\/posts\/24056\/revisions"}],"wp:attachment":[{"href":"https:\/\/linitiative.ca\/International\/wp-json\/wp\/v2\/media?parent=24056"}],"wp:term":[{"taxonomy":"category","embeddable":true,"href":"https:\/\/linitiative.ca\/International\/wp-json\/wp\/v2\/categories?post=24056"},{"taxonomy":"post_tag","embeddable":true,"href":"https:\/\/linitiative.ca\/International\/wp-json\/wp\/v2\/tags?post=24056"}],"curies":[{"name":"wp","href":"https:\/\/api.w.org\/{rel}","templated":true}]}}