{"id":24078,"date":"2019-03-25T06:49:18","date_gmt":"2019-03-25T10:49:18","guid":{"rendered":"https:\/\/linitiative.ca\/International\/loi-sur-lactivite-commerciale-congelcam-en-flagrant-delit-de-violation\/"},"modified":"2019-03-25T06:49:18","modified_gmt":"2019-03-25T10:49:18","slug":"loi-sur-lactivite-commerciale-congelcam-en-flagrant-delit-de-violation","status":"publish","type":"post","link":"https:\/\/linitiative.ca\/International\/loi-sur-lactivite-commerciale-congelcam-en-flagrant-delit-de-violation\/","title":{"rendered":"Loi sur l\u2019activit\u00e9 commerciale: Congelcam en flagrant d\u00e9lit de violation"},"content":{"rendered":"<div class=\"featured-area featured-area-inner\"><img loading=\"lazy\" decoding=\"async\" width=\"509\" height=\"405\" src=\"https:\/\/i1.wp.com\/ecomatin.net\/wp-content\/uploads\/2019\/03\/ecomatin.net-loi-sur-lactivite-commerciale-congelcam-en-flagrant-delit-de-violation-gouchingue-sylvestre-congelcam.png?resize=509%2C405&#038;ssl=1&#038;is-pending-load=1\" class=\"attachment-jannah-image-post size-jannah-image-post wp-post-image jetpack-lazy-image\" alt=\"\" data-attachment-id=\"6863\" data-permalink=\"https:\/\/ecomatin.net\/loi-sur-lactivite-commerciale-congelcam-en-flagrant-delit-de-violation\/gouchingue-sylvestre-congelcam\/\" data-orig-file=\"https:\/\/i1.wp.com\/ecomatin.net\/wp-content\/uploads\/2019\/03\/ecomatin.net-loi-sur-lactivite-commerciale-congelcam-en-flagrant-delit-de-violation-gouchingue-sylvestre-congelcam.png?fit=509%2C508&#038;ssl=1\" data-orig-size=\"509,508\" data-comments-opened=\"0\" data-image-meta=\"{\"aperture\":\"0\",\"credit\":\"\",\"camera\":\"\",\"caption\":\"\",\"created_timestamp\":\"0\",\"copyright\":\"\",\"focal_length\":\"0\",\"iso\":\"0\",\"shutter_speed\":\"0\",\"title\":\"\",\"orientation\":\"0\"}\" data-image-title=\"gouchingue-sylvestre-congelcam\" data-image-description=\"\" data-medium-file=\"https:\/\/i1.wp.com\/ecomatin.net\/wp-content\/uploads\/2019\/03\/ecomatin.net-loi-sur-lactivite-commerciale-congelcam-en-flagrant-delit-de-violation-gouchingue-sylvestre-congelcam.png?fit=300%2C300&#038;ssl=1\" data-large-file=\"https:\/\/i1.wp.com\/ecomatin.net\/wp-content\/uploads\/2019\/03\/ecomatin.net-loi-sur-lactivite-commerciale-congelcam-en-flagrant-delit-de-violation-gouchingue-sylvestre-congelcam.png?fit=509%2C508&#038;ssl=1\" srcset=\"data:image\/gif;base64,R0lGODlhAQABAIAAAAAAAP\/\/\/yH5BAEAAAAALAAAAAABAAEAAAIBRAA7\"\/><\/div>\n<div class=\"entry-content entry clearfix\" readability=\"65.9884214589\">\n<p>La loi <strong>n\u02da 2015\/018 du 21 d\u00e9cembre 2015<\/strong> r\u00e9gissant l\u2019activit\u00e9 commerciale au Cameroun, pr\u00e9voit en son <strong>article 21 (2)<\/strong> : \u00ab <em>L\u2019activit\u00e9 de distribution est exerc\u00e9e en gros ou en d\u00e9tail<\/em> \u00bb. La m\u00eame disposition pr\u00e9cise en son <strong>alin\u00e9a 3<\/strong>, que <em>\u00ab lorsqu\u2019un commer\u00e7ant exerce en m\u00eame temps la distribution en gros et en d\u00e9tail, la s\u00e9paration des locaux destin\u00e9s \u00e0 chacune de ces activit\u00e9s, ainsi que la tenue d\u2019une comptabilit\u00e9 distincte sont obligatoires<\/em> \u00bb.<\/p>\n<blockquote readability=\"8\">\n<p>La faute au ministre du Commerce qui n\u2019a jamais, de mani\u00e8re formelle, notifi\u00e9 une mise en demeure motiv\u00e9e aux responsables de ladite soci\u00e9t\u00e9.<\/p>\n<\/blockquote>\n<p>En tourn\u00e9e dans certaines structures de distribution de Yaound\u00e9 pour s\u2019assurer de la disponibilit\u00e9 en quantit\u00e9 suffisante des produits de grande consommation \u00e0 l\u2019approche des f\u00eates de fin d\u2019ann\u00e9e 2016, la ministre du Commerce<strong>, Luc Magloire Mbarga Atangana<\/strong>, avait attir\u00e9 l\u2019attention des responsable de <strong>Congelcam<\/strong>, sur cette disposition de la loi qui \u00e9tait foul\u00e9e au pied par le principal importateur de poisson et autres produits de mer au Cameroun. Un peu plus de deux ans apr\u00e8s, soit quatre ans apr\u00e8s l\u2019entr\u00e9e en vigueur du texte en question, cette soci\u00e9t\u00e9 ne s\u2019y est pas conform\u00e9e.<\/p>\n<hr\/>\n<h4><strong>>> Lire aussi \u2013 <a title=\"Crise du poisson : le plat le moins cher au Cameroun mis en difficult\u00e9 par la crise de devises\" href=\"https:\/\/ecomatin.net\/crise-du-poisson-le-plat-le-moins-cher-au-cameroun-mis-en-difficulte-par-la-crise-de-devises\/\" target=\"_blank\" rel=\"noopener noreferrer\">Crise du poisson : le plat le moins cher au Cameroun mis en difficult\u00e9 par la crise de devises<\/a><br \/><\/strong><\/h4>\n<hr\/>\n<p>Sur le terrain, c\u2019est toujours Congelcam qui importe, vend en gros et en d\u00e9tail. La faute au ministre du Commerce qui n\u2019a jamais, de mani\u00e8re formelle, notifi\u00e9 une mise en demeure motiv\u00e9e aux responsables de ladite soci\u00e9t\u00e9. La loi du 21 d\u00e9cembre 2015 pr\u00e9voit effet que, <strong>30 jours<\/strong> apr\u00e8s une mise en demeure rest\u00e9e sans suite \u00e0 compter de la notification, le ministre du Commerce peut d\u2019office suspendre l\u2019activit\u00e9 de tout commer\u00e7ant ou professionnel qui n\u2019a pas respect\u00e9 les obligations et interdictions de la pr\u00e9sente loi.<br \/>Dans le cas pr\u00e9sent de violation flagrante d\u2019une disposition l\u00e9gislative, on a m\u00eame l\u2019impression que Congelcam b\u00e9n\u00e9ficie de la complicit\u00e9, voire m\u00eame du parapluie des services du minist\u00e8re du Commerce pour ainsi contr\u00f4ler toute la cha\u00eene de distribution du poisson. En amont, d\u00e9j\u00e0, cette structure assure plus de <strong>80%<\/strong> des importations. Ce qui lui permettrait de sp\u00e9culer \u00e0 tous vents et m\u00eame de cr\u00e9er des p\u00e9nuries artificielles, \u00e0 l\u2019origine de la flamb\u00e9e des prix du poisson observ\u00e9e depuis plusieurs mois sur le march\u00e9.<\/p>\n<div class=\"about-author about-author-box container-wrapper\">\n<div class=\"author-avatar\">\n<p><img decoding=\"async\" src=\"http:\/\/\" alt=\"\"\/><\/p>\n<\/div>\n<p><h4>La R\u00e9daction EcoMatin<\/h4>\n<\/p>\n<\/div>\n<div class=\"awac-wrapper awac widget blog_subscription-2\">\n<h4 class=\"widget-title\">Abonnez-vous \u00e0 notre lettre d&rsquo;information<\/h4>\n<\/div>\n<\/div>\n<div class=\"toggle-post-content clearfix\"><a id=\"toggle-post-button\" class=\"button\" href=\"#\">Afficher plus <\/a><\/div>\n<p>Auteur: EcoMatin<br \/>\n<a href=\"https:\/\/ecomatin.net\/loi-sur-lactivite-commerciale-congelcam-en-flagrant-delit-de-violation\/\">Cliquez ici pour lire l&rsquo;article depuis sa source.<\/a><\/p>\n","protected":false},"excerpt":{"rendered":"<p>La loi n\u02da 2015\/018 du 21 d\u00e9cembre 2015 r\u00e9gissant l\u2019activit\u00e9 commerciale au Cameroun, pr\u00e9voit en son article 21 (2) : \u00ab L\u2019activit\u00e9 de distribution est exerc\u00e9e en gros ou en d\u00e9tail \u00bb. La m\u00eame disposition pr\u00e9cise en son alin\u00e9a 3, que \u00ab lorsqu\u2019un commer\u00e7ant exerce en m\u00eame temps la distribution en gros et en d\u00e9tail, [&hellip;]<\/p>\n","protected":false},"author":1969,"featured_media":0,"comment_status":"closed","ping_status":"closed","sticky":false,"template":"","format":"standard","meta":{"fifu_image_url":"","fifu_image_alt":"","footnotes":""},"categories":[82,78],"tags":[],"class_list":["post-24078","post","type-post","status-publish","format-standard","hentry","category-cameroun","category-economie"],"_links":{"self":[{"href":"https:\/\/linitiative.ca\/International\/wp-json\/wp\/v2\/posts\/24078","targetHints":{"allow":["GET"]}}],"collection":[{"href":"https:\/\/linitiative.ca\/International\/wp-json\/wp\/v2\/posts"}],"about":[{"href":"https:\/\/linitiative.ca\/International\/wp-json\/wp\/v2\/types\/post"}],"author":[{"embeddable":true,"href":"https:\/\/linitiative.ca\/International\/wp-json\/wp\/v2\/users\/1969"}],"replies":[{"embeddable":true,"href":"https:\/\/linitiative.ca\/International\/wp-json\/wp\/v2\/comments?post=24078"}],"version-history":[{"count":0,"href":"https:\/\/linitiative.ca\/International\/wp-json\/wp\/v2\/posts\/24078\/revisions"}],"wp:attachment":[{"href":"https:\/\/linitiative.ca\/International\/wp-json\/wp\/v2\/media?parent=24078"}],"wp:term":[{"taxonomy":"category","embeddable":true,"href":"https:\/\/linitiative.ca\/International\/wp-json\/wp\/v2\/categories?post=24078"},{"taxonomy":"post_tag","embeddable":true,"href":"https:\/\/linitiative.ca\/International\/wp-json\/wp\/v2\/tags?post=24078"}],"curies":[{"name":"wp","href":"https:\/\/api.w.org\/{rel}","templated":true}]}}