{"id":24080,"date":"2019-03-25T06:52:12","date_gmt":"2019-03-25T10:52:12","guid":{"rendered":"https:\/\/linitiative.ca\/International\/importations-que-vaut-le-controle-technique-a-lentree-des-marchandises-au-cameroun\/"},"modified":"2019-03-25T06:52:12","modified_gmt":"2019-03-25T10:52:12","slug":"importations-que-vaut-le-controle-technique-a-lentree-des-marchandises-au-cameroun","status":"publish","type":"post","link":"https:\/\/linitiative.ca\/International\/importations-que-vaut-le-controle-technique-a-lentree-des-marchandises-au-cameroun\/","title":{"rendered":"Importations : que vaut le contr\u00f4le technique \u00e0 l\u2019entr\u00e9e des marchandises au Cameroun ?"},"content":{"rendered":"<p>A la suite d\u2019une alerte lanc\u00e9e par l\u2019Agence des normes et de la qualit\u00e9 <strong>(Anor<\/strong>), le 31 janvier dernier, laquelle faisait \u00e9tat de ce que des couches jetables en provenance de la France, d\u00e9j\u00e0 pr\u00e9sentes sur le march\u00e9 camerounais, pr\u00e9sentaient des risques sur la sant\u00e9 des b\u00e9b\u00e9s, le gouvernement a gel\u00e9, le 12 f\u00e9vrier, l\u2019importation de ces produits au Cameroun. Quelques jours plus tard, le ministre du Commerce levait cette interdiction, en dressant au pr\u00e9alable une liste de 10 marques autoris\u00e9es \u00e0 \u00eatre commercialis\u00e9es. Cette pol\u00e9mique qui continue d\u2019interroger sur les v\u00e9ritables intentions des autorit\u00e9s publiques au sujet de l\u2019interdiction-autorisation d\u2019importation des couches jetables, rappelle celle qui enfle depuis 2015 au sujet de la pr\u00e9sence sur le march\u00e9 national, des marques d\u2019huiles v\u00e9g\u00e9tales raffin\u00e9es import\u00e9es ne respectant pas la <strong>norme NC 77<\/strong> sur l\u2019obligation d\u2019enrichissement \u00e0 la vitamine A et de la <strong>norme NC 04<\/strong> sur l\u2019\u00e9tiquetage des denr\u00e9es alimentaires pr\u00e9emball\u00e9es. Certaines d\u2019entre elles ont \u00e9t\u00e9 identifi\u00e9es comme comportant des substances canc\u00e9rig\u00e8nes, mais elles continuent d\u2019entrer dans l\u2019espace commercial national, et \u00e0 \u00eatre commercialis\u00e9es impun\u00e9ment dans certaines grandes surfaces connues.<\/p>\n<hr\/>\n<h4><strong>>> Lire aussi \u2013 <a title=\"Aliments import\u00e9s: au-del\u00e0 de la pol\u00e9mique, la probl\u00e9matique de la conformit\u00e9\" href=\"https:\/\/ecomatin.net\/aliments-importes-au-dela-de-la-polemique-la-problematique-de-la-conformite\/\" target=\"_blank\" rel=\"noopener noreferrer\">Aliments import\u00e9s: au-del\u00e0 de la pol\u00e9mique, la probl\u00e9matique de la conformit\u00e9<\/a><br \/><\/strong><\/h4>\n<hr\/>\n<p>Toujours dans le chapitre des marchandises d\u2019origine douteuse, le Groupement interpatronal du Cameroun <strong>(Gicam<\/strong>), d\u00e9nonce d\u2019ann\u00e9e en ann\u00e9e l\u2019entr\u00e9e et la mise en circulation sur le march\u00e9 national, de cigarettes de contrebande qui font perdre pas moins de <strong>4 milliards<\/strong> Fcfa \u00e0 l\u2019industrie du tabac. Face \u00e0 la recrudescence de certaines maladies, \u00e0 l\u2019instar des accidents vasculaires c\u00e9r\u00e9braux (<strong>Avc<\/strong>), nombreux sont ceux qui s\u2019interrogent sur la fiabilit\u00e9 du contr\u00f4le technique \u00e0 l\u2019entr\u00e9e des marchandises au Cameroun. A ce sujet, la loi <strong>n\u00b0 2016\/004 du 18 Avril 2016<\/strong> r\u00e9gissant le commerce ext\u00e9rieur au Cameroun dispose, en son <strong>article 18<\/strong>, que \u00ab <em>le contr\u00f4le technique \u00e0 l\u2019importation et \u00e0 l\u2019exportation est constitu\u00e9 des inspections m\u00e9dico-sanitaire, v\u00e9t\u00e9rinaire, environnementale et phytosanitaire, du contr\u00f4le de qualit\u00e9 et du contr\u00f4le de conformit\u00e9 aux normes ou r\u00e9glementations techniques nationales ou aux normes internationales ou, le cas \u00e9ch\u00e9ant, aux conditions particuli\u00e8res convenues entre le fournisseur et l\u2019importateur dans la mesure o\u00f9 ces sp\u00e9cifications ne sont pas contraires aux normes nationales et internationales ainsi qu\u2019\u00e0 l\u2019int\u00e9r\u00eat des consommateurs<\/em> \u00bb.<\/p>\n<hr\/>\n<h4><strong>>> Lire aussi \u2013 <a title=\"Importations prohib\u00e9es: des douaniers complices favorisent la mafia\" href=\"https:\/\/ecomatin.net\/importations-prohibees-des-douaniers-complices-favorisent-la-mafia\/\" target=\"_blank\" rel=\"noopener noreferrer\">Importations prohib\u00e9es: des douaniers complices favorisent la mafia<\/a><br \/><\/strong><\/h4>\n<hr\/>\n<p>Le m\u00eame texte de loi (<strong>article 19<\/strong>) est clair : \u00ab <em>Les administrations et organismes habilit\u00e9s \u00e0 exercer les contr\u00f4les techniques \u00e0 la fronti\u00e8re en ce qui concerne les importations, les exportations et le transit des marchandises doivent coop\u00e9rer et coordonner leurs actions<\/em> \u00bb. Plusieurs fois, on a pourtant constat\u00e9 qu\u2019un produit ayant d\u00fbment re\u00e7u un certificat de l\u2019une des administrations concern\u00e9es, est remis en cause par une autre, du fait parfois d\u2019un simple conflit d\u2019int\u00e9r\u00eat. Le Programme d\u2019\u00e9valuation de la conformit\u00e9 avant embarquement (<strong>Pecae<\/strong>) des marchandises import\u00e9es en R\u00e9publique du Cameroun, entr\u00e9 en vigueur en ao\u00fbt 2016 et dont le directeur g\u00e9n\u00e9ral de l\u2019Anor, <strong>Charles Booto \u00e0 Ngon<\/strong> est le pr\u00e9sident, avait pourtant \u00e9t\u00e9 mis sur pied afin qu\u2019aucune marchandise soumise \u00e0 la\u00a0 r\u00e9glementation devant \u00eatre export\u00e9e vers le Cameroun ne fasse plus l\u2019objet d\u2019un rapport de non-conformit\u00e9 de la part des autres partenaires techniques que sont, entre autres, la Soci\u00e9t\u00e9 g\u00e9n\u00e9rale de surveillance (<strong>SGS<\/strong>).<\/p>\n<div class=\"about-author about-author-box container-wrapper\">\n<div class=\"author-avatar\">\n<p><img decoding=\"async\" src=\"http:\/\/\" alt=\"\"\/><\/p>\n<\/div>\n<p><h4>La R\u00e9daction EcoMatin<\/h4>\n<\/p>\n<\/div>\n<div class=\"awac-wrapper awac widget blog_subscription-2\">\n<h4 class=\"widget-title\">Abonnez-vous \u00e0 notre lettre d&rsquo;information<\/h4>\n<\/div>\n<p>Auteur: EcoMatin<br \/>\n<a href=\"https:\/\/ecomatin.net\/importations-que-vaut-le-controle-technique-a-lentree-des-marchandises-au-cameroun\/\">Cliquez ici pour lire l&rsquo;article depuis sa source.<\/a><\/p>\n","protected":false},"excerpt":{"rendered":"<p>A la suite d\u2019une alerte lanc\u00e9e par l\u2019Agence des normes et de la qualit\u00e9 (Anor), le 31 janvier dernier, laquelle faisait \u00e9tat de ce que des couches jetables en provenance de la France, d\u00e9j\u00e0 pr\u00e9sentes sur le march\u00e9 camerounais, pr\u00e9sentaient des risques sur la sant\u00e9 des b\u00e9b\u00e9s, le gouvernement a gel\u00e9, le 12 f\u00e9vrier, l\u2019importation [&hellip;]<\/p>\n","protected":false},"author":1969,"featured_media":0,"comment_status":"closed","ping_status":"closed","sticky":false,"template":"","format":"standard","meta":{"fifu_image_url":"","fifu_image_alt":"","footnotes":""},"categories":[82,78],"tags":[],"class_list":["post-24080","post","type-post","status-publish","format-standard","hentry","category-cameroun","category-economie"],"_links":{"self":[{"href":"https:\/\/linitiative.ca\/International\/wp-json\/wp\/v2\/posts\/24080","targetHints":{"allow":["GET"]}}],"collection":[{"href":"https:\/\/linitiative.ca\/International\/wp-json\/wp\/v2\/posts"}],"about":[{"href":"https:\/\/linitiative.ca\/International\/wp-json\/wp\/v2\/types\/post"}],"author":[{"embeddable":true,"href":"https:\/\/linitiative.ca\/International\/wp-json\/wp\/v2\/users\/1969"}],"replies":[{"embeddable":true,"href":"https:\/\/linitiative.ca\/International\/wp-json\/wp\/v2\/comments?post=24080"}],"version-history":[{"count":0,"href":"https:\/\/linitiative.ca\/International\/wp-json\/wp\/v2\/posts\/24080\/revisions"}],"wp:attachment":[{"href":"https:\/\/linitiative.ca\/International\/wp-json\/wp\/v2\/media?parent=24080"}],"wp:term":[{"taxonomy":"category","embeddable":true,"href":"https:\/\/linitiative.ca\/International\/wp-json\/wp\/v2\/categories?post=24080"},{"taxonomy":"post_tag","embeddable":true,"href":"https:\/\/linitiative.ca\/International\/wp-json\/wp\/v2\/tags?post=24080"}],"curies":[{"name":"wp","href":"https:\/\/api.w.org\/{rel}","templated":true}]}}