{"id":24101,"date":"2019-03-26T06:19:00","date_gmt":"2019-03-26T10:19:00","guid":{"rendered":"https:\/\/linitiative.ca\/International\/le-port-darzew-a-larret-le-secteur-public-paralyse-a-bejaia\/"},"modified":"2019-03-26T06:19:00","modified_gmt":"2019-03-26T10:19:00","slug":"le-port-darzew-a-larret-le-secteur-public-paralyse-a-bejaia","status":"publish","type":"post","link":"https:\/\/linitiative.ca\/International\/le-port-darzew-a-larret-le-secteur-public-paralyse-a-bejaia\/","title":{"rendered":"Le port d&rsquo;Arzew \u00e0 l&rsquo;arr\u00eat, le secteur public paralys\u00e9 \u00e0 B\u00e9ja\u00efa"},"content":{"rendered":"<div id=\"originalText\" readability=\"74\">\n<p>Des gr\u00e8ves dans plusieurs secteurs publics ont lieu, aujourd&rsquo;hui mardi, dans diff\u00e9rentes wilayas du pays, suite \u00e0 l&rsquo;appel de d\u00e9brayage de trois jours lanc\u00e9 sur les r\u00e9seaux sociaux.\u00a0<\/p>\n<p>Les travailleurs du port d&rsquo;Arzew, dans la wilaya d&rsquo;Oran, ont observ\u00e9 un arr\u00eat de travail, ce matin, pour apporter leur soutien au mouvement populaire en cours pour un changement profond du syst\u00e8me. Sur l&rsquo;une des banderoles port\u00e9es par les gr\u00e9vistes, on peut lire : \u00ab\u00a0le syndicat de la honte, Sidi Sa\u00efd d\u00e9gage\u00a0\u00bb.\u00a0\u00a0\u00a0<\/p>\n<p><img decoding=\"async\" alt=\"\" src=\"\/data\/upload\/55628901_2157156067665215_7539703723920982016_n%281%29.jpg\" class=\"c10\"\/><\/p>\n<p>A B\u00e9ja\u00efa, c&rsquo;est pratiquement toutes les administrations et entreprises publiques qui sont en gr\u00e8ve, \u00e0 commencer par les fonctionnaires de la Wilaya.\u00a0<\/p>\n<p><img decoding=\"async\" alt=\"\" src=\"\/data\/upload\/54433559_1232387010254348_1683398279749959680_o.jpg\"\/><\/p>\n<p>Les travailleurs de Naftal, qui observent un sit-in devant le si\u00e8ge de leur entreprise, exigent \u00ab\u00a0une deuxi\u00e8me r\u00e9publique\u00a0\u00bb.\u00a0<\/p>\n<p><img decoding=\"async\" alt=\"\" src=\"\/data\/upload\/54727450_1232367886922927_7460469346905620480_n.jpg\" class=\"c11\"\/><\/p>\n<p>C&rsquo;est le cas aussi du personnel de la Conservation fonci\u00e8re de B\u00e9ja\u00efa qui sera en gr\u00e8ve pendant trois jours.\u00a0<\/p>\n<p><img decoding=\"async\" alt=\"\" src=\"\/data\/upload\/55448520_1232354830257566_6664255257167527936_n.jpg\" class=\"c12\"\/><\/p>\n<p>Les bureaux de Poste n&rsquo;ont pas ouvert leurs portes aussi.\u00a0<\/p>\n<p><img decoding=\"async\" alt=\"\" src=\"\/data\/upload\/55465121_1232383546921361_5346677217671774208_o.jpg\" class=\"c12\"\/><\/p>\n<p>Les travailleurs de l&rsquo;Agence nationale de l&#8217;emploi (ANEM) de B\u00e9ja\u00efa sont \u00e9galement en gr\u00e8ve.\u00a0<\/p>\n<p><img decoding=\"async\" alt=\"\" src=\"\/data\/upload\/56157873_1232383600254689_7713443105323614208_n.jpg\" class=\"c12\"\/><\/p>\n<p>Les locaux de l&rsquo;ANEM sont quasiment vides.\u00a0<\/p>\n<p><img decoding=\"async\" alt=\"\" src=\"\/data\/upload\/55621022_1232366020256447_3219000447012438016_n.jpg\" class=\"c12\"\/><\/p>\n<p>Les employ\u00e9s de la Sonelgaz de B\u00e9ja\u00efa ne sont pas en reste.\u00a0<\/p>\n<p><img decoding=\"async\" alt=\"\" src=\"\/data\/upload\/55492926_1232365136923202_1261952539360755712_n%281%29.jpg\"\/><\/p>\n<p>La direction de l&rsquo;\u00e9nergie de B\u00e9ja\u00efa a carr\u00e9ment baiss\u00e9 rideau.\u00a0<\/p>\n<p><img decoding=\"async\" alt=\"\" src=\"\/data\/upload\/55765380_1232372500255799_2354171536006447104_n.jpg\" class=\"c12\"\/><\/p>\n<p>Les agents de la conservation des for\u00eats de B\u00e9ja\u00efa ont investi la rue.\u00a0<\/p>\n<p>Photos : B\u00e9jaia Sois l&rsquo;observateur<\/p>\n<p class=\"c13\"><strong>R\u00e9daction Web<\/strong><\/p>\n<\/div>\n<div id=\"text_core\" readability=\"74\">\n<p>Des gr\u00e8ves dans plusieurs secteurs publics ont lieu, aujourd&rsquo;hui mardi, dans diff\u00e9rentes wilayas du pays, suite \u00e0 l&rsquo;appel de d\u00e9brayage de trois jours lanc\u00e9 sur les r\u00e9seaux sociaux.\u00a0<\/p>\n<p>Les travailleurs du port d&rsquo;Arzew, dans la wilaya d&rsquo;Oran, ont observ\u00e9 un arr\u00eat de travail, ce matin, pour apporter leur soutien au mouvement populaire en cours pour un changement profond du syst\u00e8me. Sur l&rsquo;une des banderoles port\u00e9es par les gr\u00e9vistes, on peut lire : \u00ab\u00a0le syndicat de la honte, Sidi Sa\u00efd d\u00e9gage\u00a0\u00bb.\u00a0\u00a0\u00a0<\/p>\n<p><img decoding=\"async\" alt=\"\" src=\"\/data\/upload\/55628901_2157156067665215_7539703723920982016_n%281%29.jpg\" class=\"c10\"\/><\/p>\n<p>A B\u00e9ja\u00efa, c&rsquo;est pratiquement toutes les administrations et entreprises publiques qui sont en gr\u00e8ve, \u00e0 commencer par les fonctionnaires de la Wilaya.\u00a0<\/p>\n<p><img decoding=\"async\" alt=\"\" src=\"\/data\/upload\/54433559_1232387010254348_1683398279749959680_o.jpg\"\/><\/p>\n<p>Les travailleurs de Naftal, qui observent un sit-in devant le si\u00e8ge de leur entreprise, exigent \u00ab\u00a0une deuxi\u00e8me r\u00e9publique\u00a0\u00bb.\u00a0<\/p>\n<p><img decoding=\"async\" alt=\"\" src=\"\/data\/upload\/54727450_1232367886922927_7460469346905620480_n.jpg\" class=\"c11\"\/><\/p>\n<p>C&rsquo;est le cas aussi du personnel de la Conservation fonci\u00e8re de B\u00e9ja\u00efa qui sera en gr\u00e8ve pendant trois jours.\u00a0<\/p>\n<p><img decoding=\"async\" alt=\"\" src=\"\/data\/upload\/55448520_1232354830257566_6664255257167527936_n.jpg\" class=\"c12\"\/><\/p>\n<p>Les bureaux de Poste n&rsquo;ont pas ouvert leurs portes aussi.\u00a0<\/p>\n<p><img decoding=\"async\" alt=\"\" src=\"\/data\/upload\/55465121_1232383546921361_5346677217671774208_o.jpg\" class=\"c12\"\/><\/p>\n<p>Les travailleurs de l&rsquo;Agence nationale de l&#8217;emploi (ANEM) de B\u00e9ja\u00efa sont \u00e9galement en gr\u00e8ve.\u00a0<\/p>\n<p><img decoding=\"async\" alt=\"\" src=\"\/data\/upload\/56157873_1232383600254689_7713443105323614208_n.jpg\" class=\"c12\"\/><\/p>\n<p>Les locaux de l&rsquo;ANEM sont quasiment vides.\u00a0<\/p>\n<p><img decoding=\"async\" alt=\"\" src=\"\/data\/upload\/55621022_1232366020256447_3219000447012438016_n.jpg\" class=\"c12\"\/><\/p>\n<p>Les employ\u00e9s de la Sonelgaz de B\u00e9ja\u00efa ne sont pas en reste.\u00a0<\/p>\n<p><img decoding=\"async\" alt=\"\" src=\"\/data\/upload\/55492926_1232365136923202_1261952539360755712_n%281%29.jpg\"\/><\/p>\n<p>La direction de l&rsquo;\u00e9nergie de B\u00e9ja\u00efa a carr\u00e9ment baiss\u00e9 rideau.\u00a0<\/p>\n<p><img decoding=\"async\" alt=\"\" src=\"\/data\/upload\/55765380_1232372500255799_2354171536006447104_n.jpg\" class=\"c12\"\/><\/p>\n<p>Les agents de la conservation des for\u00eats de B\u00e9ja\u00efa ont investi la rue.\u00a0<\/p>\n<p>Photos : B\u00e9jaia Sois l&rsquo;observateur<\/p>\n<p class=\"c13\"><strong>R\u00e9daction Web<\/strong><\/p>\n<\/div>\n<p>Auteur:<br \/>\n<a href=\"https:\/\/www.liberte-algerie.com\/actualite\/le-port-darzew-a-larret-le-secteur-public-paralyse-a-bejaia-312416\">Cliquez ici pour lire l&rsquo;article depuis sa source.<\/a><\/p>\n","protected":false},"excerpt":{"rendered":"<p>Des gr\u00e8ves dans plusieurs secteurs publics ont lieu, aujourd&rsquo;hui mardi, dans diff\u00e9rentes wilayas du pays, suite \u00e0 l&rsquo;appel de d\u00e9brayage de trois jours lanc\u00e9 sur les r\u00e9seaux sociaux.\u00a0 Les travailleurs du port d&rsquo;Arzew, dans la wilaya d&rsquo;Oran, ont observ\u00e9 un arr\u00eat de travail, ce matin, pour apporter leur soutien au mouvement populaire en cours pour [&hellip;]<\/p>\n","protected":false},"author":1742,"featured_media":24102,"comment_status":"closed","ping_status":"closed","sticky":false,"template":"","format":"standard","meta":{"fifu_image_url":"","fifu_image_alt":"","footnotes":""},"categories":[73,53],"tags":[],"class_list":["post-24101","post","type-post","status-publish","format-standard","has-post-thumbnail","hentry","category-actualite","category-algerie"],"_links":{"self":[{"href":"https:\/\/linitiative.ca\/International\/wp-json\/wp\/v2\/posts\/24101","targetHints":{"allow":["GET"]}}],"collection":[{"href":"https:\/\/linitiative.ca\/International\/wp-json\/wp\/v2\/posts"}],"about":[{"href":"https:\/\/linitiative.ca\/International\/wp-json\/wp\/v2\/types\/post"}],"author":[{"embeddable":true,"href":"https:\/\/linitiative.ca\/International\/wp-json\/wp\/v2\/users\/1742"}],"replies":[{"embeddable":true,"href":"https:\/\/linitiative.ca\/International\/wp-json\/wp\/v2\/comments?post=24101"}],"version-history":[{"count":0,"href":"https:\/\/linitiative.ca\/International\/wp-json\/wp\/v2\/posts\/24101\/revisions"}],"wp:featuredmedia":[{"embeddable":true,"href":"https:\/\/linitiative.ca\/International\/wp-json\/"}],"wp:attachment":[{"href":"https:\/\/linitiative.ca\/International\/wp-json\/wp\/v2\/media?parent=24101"}],"wp:term":[{"taxonomy":"category","embeddable":true,"href":"https:\/\/linitiative.ca\/International\/wp-json\/wp\/v2\/categories?post=24101"},{"taxonomy":"post_tag","embeddable":true,"href":"https:\/\/linitiative.ca\/International\/wp-json\/wp\/v2\/tags?post=24101"}],"curies":[{"name":"wp","href":"https:\/\/api.w.org\/{rel}","templated":true}]}}