{"id":24110,"date":"2019-03-26T10:35:00","date_gmt":"2019-03-26T14:35:00","guid":{"rendered":"https:\/\/linitiative.ca\/International\/la-solution-est-dans-lapplication-de-larticle-102\/"},"modified":"2019-03-26T10:35:00","modified_gmt":"2019-03-26T14:35:00","slug":"la-solution-est-dans-lapplication-de-larticle-102","status":"publish","type":"post","link":"https:\/\/linitiative.ca\/International\/la-solution-est-dans-lapplication-de-larticle-102\/","title":{"rendered":"\u00abLa solution est dans l\u2019application de l\u2019article 102\u00bb"},"content":{"rendered":"<div id=\"originalText\" readability=\"68\">\n<p>Le g\u00e9n\u00e9ral de corps d\u2019arm\u00e9e, Ahmed Ga\u00efd Salah, vice-ministre de la d\u00e9fense, chef d\u2019\u00e9tat-major de l\u2019ANP, a consid\u00e9r\u00e9 ce mardi qu\u2019\u00abafin de pr\u00e9venir notre pays de toute situation incertaine, il est du devoir de tout un chacun d\u2019\u0153uvrer avec patriotisme et abn\u00e9gation, et de privil\u00e9gier les int\u00e9r\u00eats supr\u00eames du pays, afin de trouver, dans l\u2019imm\u00e9diat, une solution de sortie de crise\u00bb.<\/p>\n<p>Une solution qui, pr\u00e9cise-t-il, en marge d\u2019une visite de travail et d\u2019inspection en 4e r\u00e9gion militaire, \u00e0 Ouargla, \u00abs\u2019inscrit exclusivement dans le cadre constitutionnel, qui constitue l\u2019unique garantie pour la pr\u00e9servation d\u2019une situation politique stable\u00bb.<\/p>\n<p>\u00abDans ce contexte, il devient n\u00e9cessaire, voire imp\u00e9ratif d\u2019adopter une solution pour sortir de la crise, qui r\u00e9pond aux revendications l\u00e9gitimes du peuple alg\u00e9rien, et qui garantit le respect des dispositions de la Constitution et le maintien de la souverainet\u00e9 de l\u2019Etat\u00bb, a-t-il soutenu, tout en sugg\u00e9rant \u00abune solution \u00e0 m\u00eame d\u2019aboutir \u00e0 un consensus de l\u2019ensemble des visions, et faire l\u2019unanimit\u00e9 de toutes les parties, \u00e0 savoir la solution stipul\u00e9e par la Constitution, dans son article 102\u00bb. En clair, d\u00e9clarer la vacance du pouvoir.<\/p>\n<p class=\"c10\"><strong>R\u00e9daction Web<\/strong><\/p>\n<\/div>\n<div id=\"text_core\" readability=\"68\">\n<p>Le g\u00e9n\u00e9ral de corps d\u2019arm\u00e9e, Ahmed Ga\u00efd Salah, vice-ministre de la d\u00e9fense, chef d\u2019\u00e9tat-major de l\u2019ANP, a consid\u00e9r\u00e9 ce mardi qu\u2019\u00abafin de pr\u00e9venir notre pays de toute situation incertaine, il est du devoir de tout un chacun d\u2019\u0153uvrer avec patriotisme et abn\u00e9gation, et de privil\u00e9gier les int\u00e9r\u00eats supr\u00eames du pays, afin de trouver, dans l\u2019imm\u00e9diat, une solution de sortie de crise\u00bb.<\/p>\n<p>Une solution qui, pr\u00e9cise-t-il, en marge d\u2019une visite de travail et d\u2019inspection en 4e r\u00e9gion militaire, \u00e0 Ouargla, \u00abs\u2019inscrit exclusivement dans le cadre constitutionnel, qui constitue l\u2019unique garantie pour la pr\u00e9servation d\u2019une situation politique stable\u00bb.<\/p>\n<p>\u00abDans ce contexte, il devient n\u00e9cessaire, voire imp\u00e9ratif d\u2019adopter une solution pour sortir de la crise, qui r\u00e9pond aux revendications l\u00e9gitimes du peuple alg\u00e9rien, et qui garantit le respect des dispositions de la Constitution et le maintien de la souverainet\u00e9 de l\u2019Etat\u00bb, a-t-il soutenu, tout en sugg\u00e9rant \u00abune solution \u00e0 m\u00eame d\u2019aboutir \u00e0 un consensus de l\u2019ensemble des visions, et faire l\u2019unanimit\u00e9 de toutes les parties, \u00e0 savoir la solution stipul\u00e9e par la Constitution, dans son article 102\u00bb. En clair, d\u00e9clarer la vacance du pouvoir.<\/p>\n<p class=\"c10\"><strong>R\u00e9daction Web<\/strong><\/p>\n<\/div>\n<p>Auteur:<br \/>\n<a href=\"https:\/\/www.liberte-algerie.com\/actualite\/la-solution-est-dans-lapplication-de-larticle-102-312422\">Cliquez ici pour lire l&rsquo;article depuis sa source.<\/a><\/p>\n","protected":false},"excerpt":{"rendered":"<p>Le g\u00e9n\u00e9ral de corps d\u2019arm\u00e9e, Ahmed Ga\u00efd Salah, vice-ministre de la d\u00e9fense, chef d\u2019\u00e9tat-major de l\u2019ANP, a consid\u00e9r\u00e9 ce mardi qu\u2019\u00abafin de pr\u00e9venir notre pays de toute situation incertaine, il est du devoir de tout un chacun d\u2019\u0153uvrer avec patriotisme et abn\u00e9gation, et de privil\u00e9gier les int\u00e9r\u00eats supr\u00eames du pays, afin de trouver, dans l\u2019imm\u00e9diat, [&hellip;]<\/p>\n","protected":false},"author":1742,"featured_media":0,"comment_status":"closed","ping_status":"closed","sticky":false,"template":"","format":"standard","meta":{"fifu_image_url":"","fifu_image_alt":"","footnotes":""},"categories":[73,53],"tags":[],"class_list":["post-24110","post","type-post","status-publish","format-standard","hentry","category-actualite","category-algerie"],"_links":{"self":[{"href":"https:\/\/linitiative.ca\/International\/wp-json\/wp\/v2\/posts\/24110","targetHints":{"allow":["GET"]}}],"collection":[{"href":"https:\/\/linitiative.ca\/International\/wp-json\/wp\/v2\/posts"}],"about":[{"href":"https:\/\/linitiative.ca\/International\/wp-json\/wp\/v2\/types\/post"}],"author":[{"embeddable":true,"href":"https:\/\/linitiative.ca\/International\/wp-json\/wp\/v2\/users\/1742"}],"replies":[{"embeddable":true,"href":"https:\/\/linitiative.ca\/International\/wp-json\/wp\/v2\/comments?post=24110"}],"version-history":[{"count":0,"href":"https:\/\/linitiative.ca\/International\/wp-json\/wp\/v2\/posts\/24110\/revisions"}],"wp:attachment":[{"href":"https:\/\/linitiative.ca\/International\/wp-json\/wp\/v2\/media?parent=24110"}],"wp:term":[{"taxonomy":"category","embeddable":true,"href":"https:\/\/linitiative.ca\/International\/wp-json\/wp\/v2\/categories?post=24110"},{"taxonomy":"post_tag","embeddable":true,"href":"https:\/\/linitiative.ca\/International\/wp-json\/wp\/v2\/tags?post=24110"}],"curies":[{"name":"wp","href":"https:\/\/api.w.org\/{rel}","templated":true}]}}