{"id":24124,"date":"2019-03-26T13:02:04","date_gmt":"2019-03-26T17:02:04","guid":{"rendered":"https:\/\/linitiative.ca\/International\/cloture-a-marrakech-de-la-com2019\/"},"modified":"2019-03-26T13:02:04","modified_gmt":"2019-03-26T17:02:04","slug":"cloture-a-marrakech-de-la-com2019","status":"publish","type":"post","link":"https:\/\/linitiative.ca\/International\/cloture-a-marrakech-de-la-com2019\/","title":{"rendered":"Cl\u00f4ture \u00e0 Marrakech de la COM2019"},"content":{"rendered":"<div readability=\"37\">\n<p>Marrakech \u2013 Les travaux des sessions minist\u00e9rielles de la 52\u00e8me Conf\u00e9rence des ministres africains des Finances, de la planification et du d\u00e9veloppement \u00e9conomique (COM2019) de la Commission \u00e9conomique pour l\u2019Afrique (CEA), se sont cl\u00f4tur\u00e9s, mardi \u00e0 Marrakech.<\/p>\n<\/div>\n<div readability=\"88\">\n<p>Organis\u00e9e du 20 au 26 mars sous le th\u00e8me \u00ab\u00a0la politique budg\u00e9taire, le commerce et le secteur priv\u00e9 \u00e0 l\u2019\u00e8re du num\u00e9rique : Une strat\u00e9gie pour l\u2019Afrique\u00a0\u00bb, la COM2019 a constitu\u00e9 une occasion pour les ministres et les experts africains d\u2019examiner diff\u00e9rents sujets, notamment l\u2019am\u00e9lioration de la gestion budg\u00e9taire, en particulier la collecte des recettes, l\u2019adaptation avec la digitalisation, l\u2019usage des nouvelles technologies et les politiques fiscales n\u00e9cessaires \u00e0 la mise en \u0153uvre de la Zone de libre-\u00e9change continentale africaine (ZLECA) dans le cadre du programme de d\u00e9veloppement durable \u00e0 l\u2019horizon 2030 et du programme de d\u00e9veloppement de l\u2019Afrique, l\u2019Agenda 2063, outre le r\u00f4le du secteur priv\u00e9 \u00e0 l\u2019\u00e8re num\u00e9rique.<\/p>\n<p>Intervenant \u00e0 la cl\u00f4ture de cette manifestation, le ministre de l\u2019\u00c9conomie et des Finances, Mohamed Bencha\u00e2boun, s\u2019est f\u00e9licit\u00e9 du travail fourni par le comit\u00e9 des experts durant les trois premiers jours de la COM2019, soulignant que les \u00e9changes ont \u00e9t\u00e9 caract\u00e9ris\u00e9s par l\u2019intensit\u00e9 et la diversit\u00e9, ce qui a permis de formuler une riche d\u00e9claration minist\u00e9rielle.<\/p>\n<p>\u00ab\u00a0Le Maroc est dispos\u00e9 \u00e0 collaborer avec la CEA et l\u2019ensemble des pays participants et \u00e0 partager et \u00e9changer les exp\u00e9riences sur les domaines de coop\u00e9ration et de d\u00e9veloppement d\u2019int\u00e9r\u00eat commun\u00a0\u00bb, a-t-il fait savoir.<\/p>\n<p>Pour sa part, la secr\u00e9taire ex\u00e9cutive de la CEA, Vera Songwe, qui a salu\u00e9 la qualit\u00e9 des interventions et des \u00e9changes lors de cette conf\u00e9rence, a mis l\u2019accent sur le r\u00f4le crucial de l\u2019action commune pour assurer une \u00e9volution rapide \u00e0 m\u00eame d\u2019atteindre les r\u00e9sultats escompt\u00e9s de mani\u00e8re plus significative.<\/p>\n<p>Au centre de toutes ces discussions, a-t-elle poursuivi, \u00ab\u00a0nous avions soulev\u00e9 la question de comment l\u2019Etat pourrait tirer profit de l\u2019\u00e8re num\u00e9rique au rythme souhait\u00e9\u00a0\u00bb, appelant \u00e0 promouvoir la cr\u00e9ativit\u00e9 et l\u2019innovation de la jeunesse africaine pour cr\u00e9er de la valeur ajout\u00e9e en Afrique.<\/p>\n<p>Cette deuxi\u00e8me et derni\u00e8re journ\u00e9e des sessions minist\u00e9rielles de la COM2019, \u00e0 l\u2019issue de laquelle un point de presse a \u00e9t\u00e9 tenu par le secr\u00e9taire g\u00e9n\u00e9ral du minist\u00e8re de l\u2019Economie et des finances, pr\u00e9sident du Bureau du comit\u00e9 d\u2019experts de la conf\u00e9rence, Zouhair Chorfi, et la secr\u00e9taire ex\u00e9cutive adjointe de la CEA, Giovanie Biha, a \u00e9t\u00e9 marqu\u00e9e par l\u2019examen des recommandations et l\u2019adoption des r\u00e9solutions et de la d\u00e9claration minist\u00e9rielle dans laquelle les ministres ont r\u00e9dig\u00e9 leurs remarques, constations, recommandations et engagements.<\/p>\n<\/div>\n<p>Auteur: Meriem IGASS<br \/>\n<a href=\"http:\/\/www.mapmarrakech.ma\/fr\/cloture-a-marrakech-de-la-com2019\/\">Cliquez ici pour lire l&rsquo;article depuis sa source.<\/a><\/p>\n","protected":false},"excerpt":{"rendered":"<p>Marrakech \u2013 Les travaux des sessions minist\u00e9rielles de la 52\u00e8me Conf\u00e9rence des ministres africains des Finances, de la planification et du d\u00e9veloppement \u00e9conomique (COM2019) de la Commission \u00e9conomique pour l\u2019Afrique (CEA), se sont cl\u00f4tur\u00e9s, mardi \u00e0 Marrakech. Organis\u00e9e du 20 au 26 mars sous le th\u00e8me \u00ab\u00a0la politique budg\u00e9taire, le commerce et le secteur priv\u00e9 [&hellip;]<\/p>\n","protected":false},"author":1788,"featured_media":0,"comment_status":"closed","ping_status":"closed","sticky":false,"template":"","format":"standard","meta":{"fifu_image_url":"","fifu_image_alt":"","footnotes":""},"categories":[54,76],"tags":[],"class_list":["post-24124","post","type-post","status-publish","format-standard","hentry","category-maroc","category-regions"],"_links":{"self":[{"href":"https:\/\/linitiative.ca\/International\/wp-json\/wp\/v2\/posts\/24124","targetHints":{"allow":["GET"]}}],"collection":[{"href":"https:\/\/linitiative.ca\/International\/wp-json\/wp\/v2\/posts"}],"about":[{"href":"https:\/\/linitiative.ca\/International\/wp-json\/wp\/v2\/types\/post"}],"author":[{"embeddable":true,"href":"https:\/\/linitiative.ca\/International\/wp-json\/wp\/v2\/users\/1788"}],"replies":[{"embeddable":true,"href":"https:\/\/linitiative.ca\/International\/wp-json\/wp\/v2\/comments?post=24124"}],"version-history":[{"count":0,"href":"https:\/\/linitiative.ca\/International\/wp-json\/wp\/v2\/posts\/24124\/revisions"}],"wp:attachment":[{"href":"https:\/\/linitiative.ca\/International\/wp-json\/wp\/v2\/media?parent=24124"}],"wp:term":[{"taxonomy":"category","embeddable":true,"href":"https:\/\/linitiative.ca\/International\/wp-json\/wp\/v2\/categories?post=24124"},{"taxonomy":"post_tag","embeddable":true,"href":"https:\/\/linitiative.ca\/International\/wp-json\/wp\/v2\/tags?post=24124"}],"curies":[{"name":"wp","href":"https:\/\/api.w.org\/{rel}","templated":true}]}}