{"id":24125,"date":"2019-03-26T05:41:44","date_gmt":"2019-03-26T09:41:44","guid":{"rendered":"https:\/\/linitiative.ca\/International\/vents-forts-atteignant-ou-depassant-les-80km-h-sur-les-wilayas-cotieres-ouest\/"},"modified":"2019-03-26T05:41:44","modified_gmt":"2019-03-26T09:41:44","slug":"vents-forts-atteignant-ou-depassant-les-80km-h-sur-les-wilayas-cotieres-ouest","status":"publish","type":"post","link":"https:\/\/linitiative.ca\/International\/vents-forts-atteignant-ou-depassant-les-80km-h-sur-les-wilayas-cotieres-ouest\/","title":{"rendered":"Vents forts atteignant ou d\u00e9passant les 80km\/h sur les wilayas c\u00f4ti\u00e8res ouest"},"content":{"rendered":"<div>\n<div class=\"K2FeedImage\"><img decoding=\"async\" src=\"http:\/\/www.aps.dz\/media\/k2\/items\/cache\/08e0d05aa09bf69712a91ea14dd5b0ef_S.jpg\" alt=\"Vents forts atteignant ou d\u00e9passant les 80km\/h sur les wilayas c\u00f4ti\u00e8res ouest\"><\/div>\n<div class=\"K2FeedIntroText\">\n<p>ALGER- Des vents forts atteignant ou d\u00e9passant une vitesse de 80km\/h souffleront parfois en rafales mardi sur les wilayas c\u00f4ti\u00e8res de l&rsquo;Ouest du pays, indique un Bulletin m\u00e9t\u00e9o sp\u00e9cial \u00e9mis par le Centre national des pr\u00e9visions m\u00e9t\u00e9orologiques.<\/p>\n<\/div>\n<div class=\"K2FeedFullText\">\n<blockquote>\n<p><em><strong>Les wilayas concern\u00e9es sont Tlemcen, Ain Temouchent, Oran, Mostaganem et Chlef, selon la m\u00eame source, pr\u00e9cisant que la direction et la force des vents est d&rsquo;Est \u00e0 Nord-Est d&rsquo;une vitesse de 60\/70 km\/h avec rafales pouvant atteindre ou d\u00e9passer les 80km\/h.<\/strong><\/em><\/p>\n<\/blockquote>\n<p>La validit\u00e9 du BMS est de 12h \u00e8 21h, ajoute le BMS.<\/p>\n<\/div>\n<\/div>\n<p>Auteur:<br \/>\n<a href=\"http:\/\/www.aps.dz\/regions\/87317-vents-forts-atteignant-ou-depassant-les-80km-h-sur-les-wilayas-cotieres-ouest\">Cliquez ici pour lire l&rsquo;article depuis sa source.<\/a><\/p>\n","protected":false},"excerpt":{"rendered":"<p>ALGER- Des vents forts atteignant ou d\u00e9passant une vitesse de 80km\/h souffleront parfois en rafales mardi sur les wilayas c\u00f4ti\u00e8res de l&rsquo;Ouest du pays, indique un Bulletin m\u00e9t\u00e9o sp\u00e9cial \u00e9mis par le Centre national des pr\u00e9visions m\u00e9t\u00e9orologiques. Les wilayas concern\u00e9es sont Tlemcen, Ain Temouchent, Oran, Mostaganem et Chlef, selon la m\u00eame source, pr\u00e9cisant que la [&hellip;]<\/p>\n","protected":false},"author":1790,"featured_media":24126,"comment_status":"closed","ping_status":"closed","sticky":false,"template":"","format":"standard","meta":{"fifu_image_url":"","fifu_image_alt":"","footnotes":""},"categories":[53,76],"tags":[],"class_list":["post-24125","post","type-post","status-publish","format-standard","has-post-thumbnail","hentry","category-algerie","category-regions"],"_links":{"self":[{"href":"https:\/\/linitiative.ca\/International\/wp-json\/wp\/v2\/posts\/24125","targetHints":{"allow":["GET"]}}],"collection":[{"href":"https:\/\/linitiative.ca\/International\/wp-json\/wp\/v2\/posts"}],"about":[{"href":"https:\/\/linitiative.ca\/International\/wp-json\/wp\/v2\/types\/post"}],"author":[{"embeddable":true,"href":"https:\/\/linitiative.ca\/International\/wp-json\/wp\/v2\/users\/1790"}],"replies":[{"embeddable":true,"href":"https:\/\/linitiative.ca\/International\/wp-json\/wp\/v2\/comments?post=24125"}],"version-history":[{"count":0,"href":"https:\/\/linitiative.ca\/International\/wp-json\/wp\/v2\/posts\/24125\/revisions"}],"wp:featuredmedia":[{"embeddable":true,"href":"https:\/\/linitiative.ca\/International\/wp-json\/"}],"wp:attachment":[{"href":"https:\/\/linitiative.ca\/International\/wp-json\/wp\/v2\/media?parent=24125"}],"wp:term":[{"taxonomy":"category","embeddable":true,"href":"https:\/\/linitiative.ca\/International\/wp-json\/wp\/v2\/categories?post=24125"},{"taxonomy":"post_tag","embeddable":true,"href":"https:\/\/linitiative.ca\/International\/wp-json\/wp\/v2\/tags?post=24125"}],"curies":[{"name":"wp","href":"https:\/\/api.w.org\/{rel}","templated":true}]}}