{"id":24127,"date":"2019-03-26T07:08:10","date_gmt":"2019-03-26T11:08:10","guid":{"rendered":"https:\/\/linitiative.ca\/International\/des-averses-orageuses-sur-louest-et-le-sud-du-pays-mardi-en-fin-de-journee\/"},"modified":"2019-03-26T07:08:10","modified_gmt":"2019-03-26T11:08:10","slug":"des-averses-orageuses-sur-louest-et-le-sud-du-pays-mardi-en-fin-de-journee","status":"publish","type":"post","link":"https:\/\/linitiative.ca\/International\/des-averses-orageuses-sur-louest-et-le-sud-du-pays-mardi-en-fin-de-journee\/","title":{"rendered":"Des averses orageuses sur l&rsquo;ouest et le sud du pays mardi en fin de journ\u00e9e"},"content":{"rendered":"<div>\n<div class=\"K2FeedImage\"><img decoding=\"async\" src=\"http:\/\/www.aps.dz\/media\/k2\/items\/cache\/bed25cb83d61ea39df4034124194ce82_S.jpg\" alt=\"Des averses orageuses sur l'ouest et le sud du pays mardi en fin de journ\u00e9e\"><\/div>\n<div class=\"K2FeedIntroText\">\n<p>ALGER &#8211; Des pluies, parfois sous forme d&rsquo;averses orageuses, affecteront certaines wilayas de l&rsquo;ouest et du sud du pays \u00e0 partir de mardi en fin de journ\u00e9e, indiquent les services de l&rsquo;Office national de la m\u00e9t\u00e9orologie dans un bulletin m\u00e9t\u00e9orologique sp\u00e9cial (BMS).<\/p>\n<\/div>\n<div class=\"K2FeedFullText\">\n<blockquote>\n<p><em><strong>Les wilayas concern\u00e9es sont Bechar, Adrar, Na\u00e2ma, Tlemcen, El-Bayadh, Laghouat et Gharda\u00efa, o\u00f9 les cumuls attendus atteindront ou d\u00e9passeront localement 30mm, durant la validit\u00e9 du bulletin qui s&rsquo;\u00e9tale de mardi \u00e0 18h00 au mercredi \u00e0 12h00, pr\u00e9cise la m\u00eame source<\/strong><\/em>.<\/p>\n<\/blockquote>\n<\/div>\n<\/div>\n<p>Auteur:<br \/>\n<a href=\"http:\/\/www.aps.dz\/regions\/87322-des-averses-orageuses-sur-l-ouest-et-le-sud-du-pays-mardi-en-fin-de-journee\">Cliquez ici pour lire l&rsquo;article depuis sa source.<\/a><\/p>\n","protected":false},"excerpt":{"rendered":"<p>ALGER &#8211; Des pluies, parfois sous forme d&rsquo;averses orageuses, affecteront certaines wilayas de l&rsquo;ouest et du sud du pays \u00e0 partir de mardi en fin de journ\u00e9e, indiquent les services de l&rsquo;Office national de la m\u00e9t\u00e9orologie dans un bulletin m\u00e9t\u00e9orologique sp\u00e9cial (BMS). Les wilayas concern\u00e9es sont Bechar, Adrar, Na\u00e2ma, Tlemcen, El-Bayadh, Laghouat et Gharda\u00efa, o\u00f9 [&hellip;]<\/p>\n","protected":false},"author":1790,"featured_media":24128,"comment_status":"closed","ping_status":"closed","sticky":false,"template":"","format":"standard","meta":{"fifu_image_url":"","fifu_image_alt":"","footnotes":""},"categories":[53,76],"tags":[],"class_list":["post-24127","post","type-post","status-publish","format-standard","has-post-thumbnail","hentry","category-algerie","category-regions"],"_links":{"self":[{"href":"https:\/\/linitiative.ca\/International\/wp-json\/wp\/v2\/posts\/24127","targetHints":{"allow":["GET"]}}],"collection":[{"href":"https:\/\/linitiative.ca\/International\/wp-json\/wp\/v2\/posts"}],"about":[{"href":"https:\/\/linitiative.ca\/International\/wp-json\/wp\/v2\/types\/post"}],"author":[{"embeddable":true,"href":"https:\/\/linitiative.ca\/International\/wp-json\/wp\/v2\/users\/1790"}],"replies":[{"embeddable":true,"href":"https:\/\/linitiative.ca\/International\/wp-json\/wp\/v2\/comments?post=24127"}],"version-history":[{"count":0,"href":"https:\/\/linitiative.ca\/International\/wp-json\/wp\/v2\/posts\/24127\/revisions"}],"wp:featuredmedia":[{"embeddable":true,"href":"https:\/\/linitiative.ca\/International\/wp-json\/"}],"wp:attachment":[{"href":"https:\/\/linitiative.ca\/International\/wp-json\/wp\/v2\/media?parent=24127"}],"wp:term":[{"taxonomy":"category","embeddable":true,"href":"https:\/\/linitiative.ca\/International\/wp-json\/wp\/v2\/categories?post=24127"},{"taxonomy":"post_tag","embeddable":true,"href":"https:\/\/linitiative.ca\/International\/wp-json\/wp\/v2\/tags?post=24127"}],"curies":[{"name":"wp","href":"https:\/\/api.w.org\/{rel}","templated":true}]}}