{"id":24142,"date":"2019-03-26T06:30:00","date_gmt":"2019-03-26T10:30:00","guid":{"rendered":"https:\/\/linitiative.ca\/International\/el-othmani-en-campagne-a-meknes\/"},"modified":"2019-03-26T06:30:00","modified_gmt":"2019-03-26T10:30:00","slug":"el-othmani-en-campagne-a-meknes","status":"publish","type":"post","link":"https:\/\/linitiative.ca\/International\/el-othmani-en-campagne-a-meknes\/","title":{"rendered":"El Othmani en campagne \u00e0 Mekn\u00e8s"},"content":{"rendered":"<div readability=\"37\">\n<p>\u00abNotre parti fait des erreurs\u2026 mais il a la volont\u00e9 d\u2019aller de l\u2019avant\u00bb, reconna\u00eet-il<\/p>\n<p>Fiscalit\u00e9, informel&#8230;, le chef du gouvernement tente de rassurer les petits commer\u00e7ants<\/p>\n<\/div>\n<div readability=\"106\">\n<div class=\"dnd-atom-wrapper type-image context-sdl_editor_representation\" contenteditable=\"false\" readability=\"33\">\n<div class=\"dnd-drop-wrapper image\"><img loading=\"lazy\" decoding=\"async\" typeof=\"foaf:Image\" class=\"img-responsive\" src=\"https:\/\/leconomiste.com\/sites\/default\/files\/eco7\/public\/thumbnails\/image\/el-othmani-080.jpg\" width=\"660\" height=\"330\" alt=\"el-othmani-080.jpg\" title=\"el-othmani-080.jpg\"\/><\/div>\n<div class=\"dnd-legend-wrapper\" contenteditable=\"true\" readability=\"11\">\n<p class=\"rtejustify\">Pour El Othmani, toutes les occasions sont bonnes pour faire du pros\u00e9lytisme&#8230; pr\u00eacher l\u2019innocence, la victimisation, et la bonne volont\u00e9 <u>(Ph. Y.S.A.)<\/u><\/p>\n<\/div>\n<\/div>\n<p class=\"rtejustify\">Saaeddine El Othmani est d\u00e9j\u00e0 en campagne pour les l\u00e9gislatives de\u2026 2021. Le patron du PJD qui intervenait, vendredi dernier, devant les commer\u00e7ants et professionnels de Mekn\u00e8s, a saisi l\u2019occasion pour blanchir son parti des erreurs (de facturation) du gouvernement qu\u2019il dirige. \u00abIl y a eu des erreurs incompr\u00e9hensibles\u2026 mais nous nous sommes intervenus pour stopper les mesures qui ne concernent pas les assujettis forfaitaires\u00bb, a indiqu\u00e9 le chef de l\u2019ex\u00e9cutif. L\u2019Economiste revient sur les principaux points relat\u00e9s lors de cette rencontre. D\u00e9cryptage.<\/p>\n<p class=\"rtejustify\"><strong>\u25a0 El Othmani se d\u00e9place pour quelques dizaines de commer\u00e7ants<\/strong><br \/>Vigiles, militants P\u00e9jidistes, et barri\u00e8res\u2026 un impressionnant dispositif de s\u00e9curit\u00e9 est d\u00e9ploy\u00e9 ce 22 mars \u00e0 l\u2019entr\u00e9e de l\u2019annexe de la commune de Mekn\u00e8s \u00e0 Lahdim, o\u00f9 El Othmani \u00e9tait attendu \u00e0 17 heures. Initi\u00e9e par \u00abl\u2019Espace marocain des professionnels de F\u00e8s-Mekn\u00e8s\u00bb, une association proche du PJD, cette rencontre se voulait l\u2019occasion d\u2019esquisser les probl\u00e8mes dont souffrent les commer\u00e7ants et vendeurs meknassis. Faut-il rappeler que ces derniers avaient organis\u00e9 plusieurs manifestations suite \u00e0 l\u2019entr\u00e9e en vigueur de l\u2019article 145 sur la facturation obligatoire. Au pic de leur col\u00e8re, ils avaient envahi l\u2019esplanade situ\u00e9e en face de la pr\u00e9fecture avec plus de 2.000 manifestants v\u00eatus de \u00abgilets jaunes\u00bb. Mais, vendredi dernier, \u00e0 peine quelques dizaines d\u2019entre eux ont r\u00e9pondu pr\u00e9sents \u00e0 la rencontre d\u2019El Othmani. \u00abNous avons filtr\u00e9 les participants et interdit l\u2019acc\u00e8s aux gens d\u2019Al Adl Wal Ihssane (Justice et Bienfaisance)\u00bb, confie, \u00e0 L\u2019Economiste, Abdallah Bouano, maire PJD de Mekn\u00e8s.<\/p>\n<p class=\"rtejustify\"><strong>\u25a0 D\u00e9mat\u00e9rialisation, facilitation, assiette fiscale\u2026 au menu \u00a0<\/strong><br \/>D\u2019embl\u00e9e, le chef de gouvernement a tenu \u00e0 pr\u00e9ciser que \u00ables nouvelles mesures ne concernent pas les petits commer\u00e7ants, \u00e9tant donn\u00e9 qu\u2019ils sont soumis au r\u00e9gime de la d\u00e9claration d\u2019imp\u00f4t forfaitaire\u00bb. Pour El Othmani, \u00ables petits commer\u00e7ants jouent un r\u00f4le social dans une \u00e9conomie de proximit\u00e9, en accordant quotidiennement des cr\u00e9dits aux m\u00e9nages\u00bb. Ceci \u00e9tant, ils doivent renouveler leurs outils de travail et se mettre \u00e0 l\u2019\u00e8re de la digitalisation. Ce qui leur permettra de faciliter leurs transactions. \u00abNous avons adopt\u00e9 une d\u00e9marche de d\u00e9mat\u00e9rialisation des proc\u00e9dures et introduit la signature \u00e9lectronique. Ce processus doit respecter nos capacit\u00e9s. Il est demand\u00e9 aux petits commer\u00e7ants de rassembler leurs achats dans le cadre d\u2019agr\u00e9gations ou de coop\u00e9ratives. Pour cela, il faut une organisation et une confiance\u00bb, rench\u00e9rit El Othmani. En outre, le gouvernement initiera les assises de la fiscalit\u00e9 qui \u00abpermettraient de revoir notre syst\u00e8me fiscal qui est tr\u00e8s ancien\u00bb. \u00abOn devrait \u00e9largir l\u2019assiette du r\u00e9gime forfaitaire et lutter contre la multiplication des imp\u00f4ts et taxes, en vue d\u2019instaurer une comptabilit\u00e9 simplifi\u00e9e\u00bb, affirme le patron du PJD. A ce titre, il serait question de revoir \u00e0 la hausse le chiffre d\u2019affaires (CA) des assujettis soumis au r\u00e9gime forfaitaire. \u00abCe CA est fix\u00e9 actuellement \u00e0 un million de DH. C\u2019est peu.\u00a0 Il faut qu\u2019il soit revu \u00e0 la hausse, afin de faciliter la t\u00e2che \u00e0 plus de commer\u00e7ants et professionnels\u00bb, estime El Othmani pr\u00eachant \u00abune approche participative pour pr\u00e9parer les assises de la fiscalit\u00e9\u00bb. \u00a0<\/p>\n<p class=\"rtejustify\"><strong>\u25a0 \u00abVictime d\u2019attaques\u00bb, El Othmani riposte<\/strong><br \/>\u00abLe PJD reconna\u00eet sa responsabilit\u00e9 au niveau des villes. Nous pouvons tomber dans des erreurs, mais nous tentons de rectifier le tir rapidement. En outre, n\u2019attendez pas de nous des solutions miracles pour tous les probl\u00e8mes, mais surtout une grande volont\u00e9 d\u2019aller de l\u2019avant\u00bb, reconna\u00eet El Othmani. Et d\u2019ajouter: \u00abNous sommes victimes de diff\u00e9rentes attaques et de d\u00e9sinformation. Mais, il ne faut pas croire tout ce qui circule dans certains sites et r\u00e9seaux sociaux\u00bb. A ceux qui veulent \u00abbattre le PJD par ces pratiques ou proposent de revoir l\u2019article 47 de la Constitution afin d\u2019\u00e9viter au PJD de briguer un autre mandat\u00bb, El Othmani a pr\u00e9cis\u00e9: \u00abPour remporter les \u00e9ch\u00e9ances de 2021, il faut du travail s\u00e9rieux, du courage, et de la transparence\u00bb. En attendant, le chef de l\u2019ex\u00e9cutif se dit \u00abfier de son bilan\u00bb. \u00abDe tous ceux qui l\u2019ont pr\u00e9c\u00e9d\u00e9, l\u2019actuel gouvernement a le plus d\u00e9fendu les souches sociales les plus d\u00e9favoris\u00e9es en consacrant 27 milliards de DH aux\u00a0 programmes sociaux, au titre de 2019\u00bb, exprime-t-il. En d\u00e9tail, les budgets de l\u2019\u00e9ducation et sant\u00e9 ont respectivement \u00e9t\u00e9 augment\u00e9s de 5 et 10% par rapport \u00e0 2018. Ainsi, le programme \u00abTayssir\u00bb, \u00e0 titre d\u2019exemple, b\u00e9n\u00e9ficiera \u00e0 un million d\u2019\u00e9coliers et absorbera 2,1 milliards de DH (au lieu de 800 millions de DH en 2018). Par ailleurs, 2 milliards de DH iront aux boursiers universitaires (+30%), dont 60.000 stagiaires de l\u2019OFPPT\u2026 Tout cela pour dire que \u00abla gratuit\u00e9 de l\u2019\u00e9ducation est irr\u00e9versible et qu\u2019il ne faudrait pas croire ce que disent les autres\u00bb, conclut El Othmani.<\/p>\n<p class=\"rtejustify\"><em>De notre correspondant permanent, Youness SAAD ALAMI<\/em><\/p>\n<\/div>\n<p>Auteur: hlafriqi<br \/>\n<a href=\"https:\/\/www.leconomiste.com\/article\/1042659-el-othmani-en-campagne-meknes\">Cliquez ici pour lire l&rsquo;article depuis sa source.<\/a><\/p>\n","protected":false},"excerpt":{"rendered":"<p>\u00abNotre parti fait des erreurs\u2026 mais il a la volont\u00e9 d\u2019aller de l\u2019avant\u00bb, reconna\u00eet-il Fiscalit\u00e9, informel&#8230;, le chef du gouvernement tente de rassurer les petits commer\u00e7ants Pour El Othmani, toutes les occasions sont bonnes pour faire du pros\u00e9lytisme&#8230; pr\u00eacher l\u2019innocence, la victimisation, et la bonne volont\u00e9 (Ph. Y.S.A.) Saaeddine El Othmani est d\u00e9j\u00e0 en campagne [&hellip;]<\/p>\n","protected":false},"author":1763,"featured_media":24143,"comment_status":"closed","ping_status":"closed","sticky":false,"template":"","format":"standard","meta":{"fifu_image_url":"","fifu_image_alt":"","footnotes":""},"categories":[78,54],"tags":[],"class_list":["post-24142","post","type-post","status-publish","format-standard","has-post-thumbnail","hentry","category-economie","category-maroc"],"_links":{"self":[{"href":"https:\/\/linitiative.ca\/International\/wp-json\/wp\/v2\/posts\/24142","targetHints":{"allow":["GET"]}}],"collection":[{"href":"https:\/\/linitiative.ca\/International\/wp-json\/wp\/v2\/posts"}],"about":[{"href":"https:\/\/linitiative.ca\/International\/wp-json\/wp\/v2\/types\/post"}],"author":[{"embeddable":true,"href":"https:\/\/linitiative.ca\/International\/wp-json\/wp\/v2\/users\/1763"}],"replies":[{"embeddable":true,"href":"https:\/\/linitiative.ca\/International\/wp-json\/wp\/v2\/comments?post=24142"}],"version-history":[{"count":0,"href":"https:\/\/linitiative.ca\/International\/wp-json\/wp\/v2\/posts\/24142\/revisions"}],"wp:featuredmedia":[{"embeddable":true,"href":"https:\/\/linitiative.ca\/International\/wp-json\/"}],"wp:attachment":[{"href":"https:\/\/linitiative.ca\/International\/wp-json\/wp\/v2\/media?parent=24142"}],"wp:term":[{"taxonomy":"category","embeddable":true,"href":"https:\/\/linitiative.ca\/International\/wp-json\/wp\/v2\/categories?post=24142"},{"taxonomy":"post_tag","embeddable":true,"href":"https:\/\/linitiative.ca\/International\/wp-json\/wp\/v2\/tags?post=24142"}],"curies":[{"name":"wp","href":"https:\/\/api.w.org\/{rel}","templated":true}]}}