{"id":24144,"date":"2019-03-26T06:45:00","date_gmt":"2019-03-26T10:45:00","guid":{"rendered":"https:\/\/linitiative.ca\/International\/mhamid-el-ghizlane-au-rythme-du-festival-des-nomades\/"},"modified":"2019-03-26T06:45:00","modified_gmt":"2019-03-26T10:45:00","slug":"mhamid-el-ghizlane-au-rythme-du-festival-des-nomades","status":"publish","type":"post","link":"https:\/\/linitiative.ca\/International\/mhamid-el-ghizlane-au-rythme-du-festival-des-nomades\/","title":{"rendered":"M\u2019hamid El Ghizlane au rythme  du festival des nomades"},"content":{"rendered":"<div readability=\"42\">\n<p>Au menu de la musique gnaoua, touareg, jazz, chant et po\u00e9sie sahraouie<\/p>\n<p>Mehdi Nassouli, Cheick Tidiane Seck, Hasna El B\u00e9charia, Nouamane Lahlou, G\u00e9n\u00e9ration Taragalt et bien d\u2019autres<\/p>\n<\/div>\n<div readability=\"109\">\n<div class=\"dnd-atom-wrapper type-image context-sdl_editor_representation atom-align-right\" contenteditable=\"false\" readability=\"32\">\n<div class=\"dnd-drop-wrapper image\"><img loading=\"lazy\" decoding=\"async\" typeof=\"foaf:Image\" class=\"img-responsive\" src=\"https:\/\/www.leconomiste.com\/sites\/default\/files\/eco7\/public\/thumbnails\/image\/mhamid_el_ghizlane_festival_des_nomades_080_0.jpg\" width=\"220\" height=\"305\" alt=\"mhamid_el_ghizlane_festival_des_nomades_080.jpg\" title=\"mhamid_el_ghizlane_festival_des_nomades_080.jpg\"\/><\/div>\n<div class=\"dnd-legend-wrapper\" contenteditable=\"true\" readability=\"9\">\n<p class=\"rtejustify\">Le festival des nomades est un \u00e9v\u00e9nement annuel multidisciplinaire \u00e0 entr\u00e9e libre qui attire des passionn\u00e9s du monde entier pour venir c\u00e9l\u00e9brer la richesse et la diversit\u00e9 de la culture nomade <em>(Ph. Association Nomades du Monde)<\/em><\/p>\n<\/div>\n<\/div>\n<p class=\"rtejustify\">Grand-messe musicale pour l\u2019oasis de M\u2019hamid El Ghizlane qui vibrera au rythme de la 16e \u00e9dition du Festival international des nomades du 4 au 6 avril. A l\u2019initiative de l\u2019Association nomades du monde, cette rencontre culturelle sera ponctu\u00e9e par l\u2019organisation de concerts, conf\u00e9rences, de sports traditionnels (course de dromadaires, hockey sur sable&#8230;) ainsi que d\u2019autres activit\u00e9s artistiques. Le festival des nomades est un \u00e9v\u00e9nement annuel multidisciplinaire \u00e0 entr\u00e9e libre qui attire des passionn\u00e9s du monde entier qui viennent c\u00e9l\u00e9brer la richesse et la diversit\u00e9 de la culture nomade.<\/p>\n<p class=\"rtejustify\">\u00abLa volont\u00e9 du festival est de mettre \u00e0 l\u2019honneur des artistes internationaux et marocains prestigieux et faire \u00e9galement d\u00e9couvrir des artistes en devenir\u00bb, assurent les organisateurs. Au programme, plus de quinze concerts qui verront la participation d\u2019une pl\u00e9iade d\u2019artistes venus de diff\u00e9rentes r\u00e9gions du Maroc ainsi que du Mali, Burkina Faso, Niger, S\u00e9n\u00e9gal, Congo et Alg\u00e9rie.<\/p>\n<p class=\"rtejustify\">Ainsi, le festival accueillera Mehdi Nassouli, jeune surdou\u00e9 qui a c\u00f4toy\u00e9 les plus grands m\u00e2alems du Maroc, et consid\u00e9r\u00e9 comme la rel\u00e8ve de la tradition gnaouie. Participera \u00e9galement Cheick Tidiane Seck, virtuose du clavier qui jongle entre jazz et musique africaine et enflamme les sc\u00e8nes parisiennes et maliennes.<\/p>\n<p class=\"rtejustify\">Quant \u00e0 la musicienne-interpr\u00e8te alg\u00e9rienne Hasna El B\u00e9charia, \u00e0 la voix grave et paisible, elle jouera de la musique gnaoua, jusque-l\u00e0 restreinte aux hommes traditionnellement seuls habilit\u00e9s \u00e0 la pratiquer.<\/p>\n<p class=\"rtejustify\">D\u2019autres artistes de renom seront de la partie comme Nouamane Lahlou, vedette de la chanson marocaine contemporaine, Takrist Nakal, Abdallah Oumbadougou, l\u00e9gende de la musique touareg qui fait son retour \u00e0 la sc\u00e8ne apr\u00e8s de nombreuses ann\u00e9es d\u2019absence et Mariaa Siga, talentueuse compositrice et interpr\u00e8te s\u00e9n\u00e9galaise.<\/p>\n<p class=\"rtejustify\">Mais aussi Nabil et Manou Othmani, dignes h\u00e9ritiers du regrett\u00e9 Baly Othmani, Benkadi Trio, percussionnistes endiabl\u00e9s du Burkina Faso, le Ballet Liziba aux rythmes fougueux du Congo, Mallal, chanteur amazigh engag\u00e9, Manina avec sa po\u00e9sie et son chant sahraoui-berb\u00e8re, Oulad M\u2019hamid, groupes locaux en r\u00e9sidence (Jeunes Nomades, G\u00e9n\u00e9ration Taragalt, Ajial) et plus encore.<\/p>\n<p class=\"rtejustify\">Cette manifestation de grande envergure est c\u00e9l\u00e8bre pour avoir invit\u00e9 des artistes marocains r\u00e9put\u00e9s tels Nass El Ghiwane, Majid Bekass, Doueh, Sa\u00efda Charaf, Sa\u00efd Moskir \u00e0 se produire aux c\u00f4t\u00e9s de musiciens internationaux de renom comme Bombino, Tamikrest, Terakaft, Kader Tarhanin&#8230;, et des jeunes talents locaux, ce qui en fait l\u2019un des plus grands \u00e9v\u00e9nements du sud marocain. Ce grand rassemblement est \u00e9galement une ressource touristique et \u00e9conomique qui contribue au d\u00e9veloppement \u00e9conomique de l\u2019oasis de M\u2019hamid El Ghizlane et toute la r\u00e9gion de Dr\u00e2a Tafilalet.<\/p>\n<p class=\"rtejustify\"><em>De notre correspondante permanente, Sabrina Belhouari<\/em><\/p>\n<\/div>\n<p>Auteur: hlafriqi<br \/>\n<a href=\"https:\/\/www.leconomiste.com\/article\/1042661-m-hamid-el-ghizlane-au-rythme-du-festival-des-nomades\">Cliquez ici pour lire l&rsquo;article depuis sa source.<\/a><\/p>\n","protected":false},"excerpt":{"rendered":"<p>Au menu de la musique gnaoua, touareg, jazz, chant et po\u00e9sie sahraouie Mehdi Nassouli, Cheick Tidiane Seck, Hasna El B\u00e9charia, Nouamane Lahlou, G\u00e9n\u00e9ration Taragalt et bien d\u2019autres Le festival des nomades est un \u00e9v\u00e9nement annuel multidisciplinaire \u00e0 entr\u00e9e libre qui attire des passionn\u00e9s du monde entier pour venir c\u00e9l\u00e9brer la richesse et la diversit\u00e9 de [&hellip;]<\/p>\n","protected":false},"author":1763,"featured_media":24145,"comment_status":"closed","ping_status":"closed","sticky":false,"template":"","format":"standard","meta":{"fifu_image_url":"","fifu_image_alt":"","footnotes":""},"categories":[78,54],"tags":[],"class_list":["post-24144","post","type-post","status-publish","format-standard","has-post-thumbnail","hentry","category-economie","category-maroc"],"_links":{"self":[{"href":"https:\/\/linitiative.ca\/International\/wp-json\/wp\/v2\/posts\/24144","targetHints":{"allow":["GET"]}}],"collection":[{"href":"https:\/\/linitiative.ca\/International\/wp-json\/wp\/v2\/posts"}],"about":[{"href":"https:\/\/linitiative.ca\/International\/wp-json\/wp\/v2\/types\/post"}],"author":[{"embeddable":true,"href":"https:\/\/linitiative.ca\/International\/wp-json\/wp\/v2\/users\/1763"}],"replies":[{"embeddable":true,"href":"https:\/\/linitiative.ca\/International\/wp-json\/wp\/v2\/comments?post=24144"}],"version-history":[{"count":0,"href":"https:\/\/linitiative.ca\/International\/wp-json\/wp\/v2\/posts\/24144\/revisions"}],"wp:featuredmedia":[{"embeddable":true,"href":"https:\/\/linitiative.ca\/International\/wp-json\/"}],"wp:attachment":[{"href":"https:\/\/linitiative.ca\/International\/wp-json\/wp\/v2\/media?parent=24144"}],"wp:term":[{"taxonomy":"category","embeddable":true,"href":"https:\/\/linitiative.ca\/International\/wp-json\/wp\/v2\/categories?post=24144"},{"taxonomy":"post_tag","embeddable":true,"href":"https:\/\/linitiative.ca\/International\/wp-json\/wp\/v2\/tags?post=24144"}],"curies":[{"name":"wp","href":"https:\/\/api.w.org\/{rel}","templated":true}]}}