{"id":24146,"date":"2019-03-26T07:00:00","date_gmt":"2019-03-26T11:00:00","guid":{"rendered":"https:\/\/linitiative.ca\/International\/beni-mellal-khenifra-loffre-de-soins-renforcee\/"},"modified":"2019-03-26T07:00:00","modified_gmt":"2019-03-26T11:00:00","slug":"beni-mellal-khenifra-loffre-de-soins-renforcee","status":"publish","type":"post","link":"https:\/\/linitiative.ca\/International\/beni-mellal-khenifra-loffre-de-soins-renforcee\/","title":{"rendered":"B\u00e9ni Mellal-Kh\u00e9nifra: L\u2019offre de soins renforc\u00e9e"},"content":{"rendered":"<div readability=\"35\">\n<p>P\u00f4le d\u2019oncologie, chimioth\u00e9rapie et cath\u00e9t\u00e9risme<\/p>\n<p>Pr\u00e8s de 200 lits suppl\u00e9mentaires dans la R\u00e9gion<\/p>\n<\/div>\n<div readability=\"104\">\n<p class=\"rtejustify\">Pas moins de 160 millions de DH. C\u2019est le montant qui sera investi dans la construction d\u2019une polyclinique priv\u00e9e dans la ville de B\u00e9ni Mellal. Le porteur du projet est le groupe Les Oliviers, d\u00e9j\u00e0 pr\u00e9sent dans la ville de Settat.<\/p>\n<p class=\"rtejustify\">Objectif: pallier le manque des \u00e9quipements m\u00e9dicaux dans cette ville et sa r\u00e9gion et, par cons\u00e9quent, am\u00e9liorer l\u2019offre de soins. Et, surtout, r\u00e9pondre aux besoins en certaines sp\u00e9cialit\u00e9s m\u00e9dicales encore inexistantes dans toute la r\u00e9gion, notamment en radioth\u00e9rapie et en oncologie.<\/p>\n<p class=\"rtejustify\">Le projet, d\u00e9j\u00e0 lanc\u00e9 en d\u00e9but d\u2019ann\u00e9e, sera r\u00e9alis\u00e9 sur une superficie de 1.032 m2 et offrira, \u00e0 son ach\u00e8vement dans 16 mois, 280 postes d\u2019emploi.<\/p>\n<p class=\"rtejustify\">La future structure m\u00e9dicale comportera 115 lits d\u2019hospitalisation r\u00e9partis sur 79 chambres. Cela en plus de 10 lits de chimioth\u00e9rapie, 10 box de r\u00e9animation et 6 chambres de soins intensifs. En outre, la polyclinique comptera 5 salles d\u2019op\u00e9ration, 5 salles r\u00e9serv\u00e9es au service des urgences (qui sera op\u00e9rationnel 24 h\/24. Ainsi qu\u2019un h\u00f4pital du jour. Le must reste toutefois le service complet de radiologie (IRM, TDM, scanner).<\/p>\n<p class=\"rtejustify\">Sans oublier le p\u00f4le oncologie, deux acc\u00e9l\u00e9rateurs de radioth\u00e9rapie, une salle de cath\u00e9t\u00e9risme cardiaque et un service de r\u00e9animation n\u00e9onatale.<\/p>\n<p class=\"rtejustify\">Non loin, \u00e0 Fkih Ben Salah, le groupe Les Oliviers s\u2019est engag\u00e9 dans la modification et le r\u00e9am\u00e9nagement d\u2019une autre clinique. Le projet consiste en l\u2019extension de la structure existante dans le but d\u2019en faire une unit\u00e9 de soins \u00e0 m\u00eame de r\u00e9pondre aux besoins de cette ville.<\/p>\n<p class=\"rtejustify\">Ainsi, 51 millions de DH vont \u00eatre investis pour doter cette clinique de services jusqu\u2019ici encore inexistants. Les promoteurs envisagent ainsi d\u2019installer trois salles d\u2019op\u00e9ration, un service de radiologie (IRM, TDM, \u00e9chographie\u2026), un service de r\u00e9animation (6 lits). Et aussi des services de traumatologie, de chirurgie visc\u00e9rale, d\u2019urologie et de maternit\u00e9\u2026 La structure proposera une cinquantaine de lits et disposera d\u2019un service des urgences ouvert de jour comme de nuit.<\/p>\n<p class=\"rtejustify\">\u00abNous voulons renforcer l\u2019offre de soins \u00e0 B\u00e9ni Mellal et Fkih Ben Salah, notamment en \u00e9largissant notre service \u00e0 des \u00e9quipements m\u00e9dicaux de diagnostic de pointe\u00bb, souligne Dr. El Maati Errachiq, promoteur avec un ensemble de m\u00e9decins des deux villes, de ces projets.<\/p>\n<p class=\"rtejustify\">Ces derniers ambitionnent \u00abd\u2019offrir des moyens m\u00e9dicaux et techniques de prise en charge qui soient modernes, de qualit\u00e9 et \u00e9galement \u00e9conomiquement accessibles\u00bb aux populations locales. Leur philosophie repose, en fait, sur le principe d\u2019aller vers le patient plut\u00f4t que laisser ce dernier parcourir de grandes distances pour arriver au centre de soins dont il a besoin.<\/p>\n<blockquote readability=\"11\">\n<p class=\"rtecenter\"><strong><span class=\"c2\">Unit\u00e9s compl\u00e9mentaires<\/span><\/strong><\/p>\n<p class=\"rtejustify\">Les \u00e9tablissements hospitaliers qui seront d\u00e9velopp\u00e9s par le groupe Les Oliviers seront les seuls qui existent, avec l\u2019unit\u00e9 de Settat, dans le triangle g\u00e9ographique Casablanca-B\u00e9ni Mellal-Marrakech. C\u2019est donc pratiquement tout le centre du Royaume qui b\u00e9n\u00e9ficiera des offres de soins de ces \u00e9tablissements. En fait, les unit\u00e9s du groupe seront compl\u00e9mentaires et travailleront en synergie. D\u2019autant plus que les m\u00e9decins-promoteurs affirment que leurs projets restent ouverts \u00e0 leurs pairs qui d\u00e9sirent s\u2019installer dans l\u2019une ou l\u2019autre des villes qui accueillent ces cliniques de nouvelle g\u00e9n\u00e9ration. Un engagement destin\u00e9 \u00e0 d\u00e9sengorger principalement Casablanca et Rabat et \u00e0 soulager un tant soit peu les d\u00e9penses des patients en leur \u00e9vitant les d\u00e9placements vers ces villes.<\/p>\n<\/blockquote>\n<p class=\"rtejustify\"><em>J.E.H.<\/em><\/p>\n<p class=\"rtejustify\">\u00a0<\/p>\n<\/div>\n<p>Auteur: hlafriqi<br \/>\n<a href=\"https:\/\/www.leconomiste.com\/article\/1042663-beni-mellal-khenifra-l-offre-de-soins-renforcee\">Cliquez ici pour lire l&rsquo;article depuis sa source.<\/a><\/p>\n","protected":false},"excerpt":{"rendered":"<p>P\u00f4le d\u2019oncologie, chimioth\u00e9rapie et cath\u00e9t\u00e9risme Pr\u00e8s de 200 lits suppl\u00e9mentaires dans la R\u00e9gion Pas moins de 160 millions de DH. C\u2019est le montant qui sera investi dans la construction d\u2019une polyclinique priv\u00e9e dans la ville de B\u00e9ni Mellal. Le porteur du projet est le groupe Les Oliviers, d\u00e9j\u00e0 pr\u00e9sent dans la ville de Settat. Objectif: [&hellip;]<\/p>\n","protected":false},"author":1763,"featured_media":0,"comment_status":"closed","ping_status":"closed","sticky":false,"template":"","format":"standard","meta":{"fifu_image_url":"","fifu_image_alt":"","footnotes":""},"categories":[78,54],"tags":[],"class_list":["post-24146","post","type-post","status-publish","format-standard","hentry","category-economie","category-maroc"],"_links":{"self":[{"href":"https:\/\/linitiative.ca\/International\/wp-json\/wp\/v2\/posts\/24146","targetHints":{"allow":["GET"]}}],"collection":[{"href":"https:\/\/linitiative.ca\/International\/wp-json\/wp\/v2\/posts"}],"about":[{"href":"https:\/\/linitiative.ca\/International\/wp-json\/wp\/v2\/types\/post"}],"author":[{"embeddable":true,"href":"https:\/\/linitiative.ca\/International\/wp-json\/wp\/v2\/users\/1763"}],"replies":[{"embeddable":true,"href":"https:\/\/linitiative.ca\/International\/wp-json\/wp\/v2\/comments?post=24146"}],"version-history":[{"count":0,"href":"https:\/\/linitiative.ca\/International\/wp-json\/wp\/v2\/posts\/24146\/revisions"}],"wp:attachment":[{"href":"https:\/\/linitiative.ca\/International\/wp-json\/wp\/v2\/media?parent=24146"}],"wp:term":[{"taxonomy":"category","embeddable":true,"href":"https:\/\/linitiative.ca\/International\/wp-json\/wp\/v2\/categories?post=24146"},{"taxonomy":"post_tag","embeddable":true,"href":"https:\/\/linitiative.ca\/International\/wp-json\/wp\/v2\/tags?post=24146"}],"curies":[{"name":"wp","href":"https:\/\/api.w.org\/{rel}","templated":true}]}}