{"id":24173,"date":"2019-03-26T15:15:20","date_gmt":"2019-03-26T19:15:20","guid":{"rendered":"https:\/\/linitiative.ca\/International\/pros-schalke-04-ca-ne-sarrange-pas-pour-bentaleb\/"},"modified":"2019-03-26T15:15:20","modified_gmt":"2019-03-26T19:15:20","slug":"pros-schalke-04-ca-ne-sarrange-pas-pour-bentaleb","status":"publish","type":"post","link":"https:\/\/linitiative.ca\/International\/pros-schalke-04-ca-ne-sarrange-pas-pour-bentaleb\/","title":{"rendered":"Pros : Schalke 04: \u00e7a ne s\u2019arrange pas pour Bentaleb"},"content":{"rendered":"<div readability=\"32\">\n<p>Auteur : <span>Riad O.<\/span> <span class=\"time\">mardi 26 mars 2019 17:40<\/span><\/p>\n<\/div>\n<div id=\"post_core\" readability=\"43\">\n<p>D\u00e9cid\u00e9ment, les choses ne s\u2019arrangent pas pour Nabil Bentaleb au sein de son club allemand de Schalke 04. R\u00e9cemment, le joueur en question avait \u00e9t\u00e9 envoy\u00e9 en \u00e9quipe r\u00e9serve pour ne pas s\u2018\u00eatre pr\u00e9sent\u00e9 au stade et d\u2019assister, en d\u00e9pit de sa blessure, au match de son team face au RB Leipzig. Le joueur Alg\u00e9rien avait, par la suite, expliqu\u00e9 son absence par l\u2019accouchement de son \u00e9pouse et sa pr\u00e9sence \u00e0 ses cot\u00e9s. Mais l\u2019entra\u00eeneur de la formation de Gelsenkirchen, Huub Stevens a d\u00e9clar\u00e9 \u00e0 Bild que la sanction envers le milieu de terrain alg\u00e9rien \u00e9tait toujours d\u2019actualit\u00e9\u00a0:\u00a0\u00abJe l&rsquo;ai f\u00e9licit\u00e9, mais la situation est la m\u00eame.\u00bb a-t-il d\u00e9clar\u00e9.<\/p>\n<p><strong>Publi\u00e9 dans :<\/strong> <span>bentaleb<\/span><\/p>\n<\/div>\n<p>Auteur:<br \/>\n<a href=\"http:\/\/www.lebuteur.com\/article\/detail?titre=schalke-04-ca-ne-sarrange-pas-pour-bentaleb&#038;id=87480&#038;utm_source=feedburner&#038;utm_medium=feed&#038;utm_campaign=Feed%3A+GalerieFArtciles+%28Les+derniers+articles++-+lebuteur.com%29\">Cliquez ici pour lire l&rsquo;article depuis sa source.<\/a><\/p>\n","protected":false},"excerpt":{"rendered":"<p>Auteur : Riad O. mardi 26 mars 2019 17:40 D\u00e9cid\u00e9ment, les choses ne s\u2019arrangent pas pour Nabil Bentaleb au sein de son club allemand de Schalke 04. R\u00e9cemment, le joueur en question avait \u00e9t\u00e9 envoy\u00e9 en \u00e9quipe r\u00e9serve pour ne pas s\u2018\u00eatre pr\u00e9sent\u00e9 au stade et d\u2019assister, en d\u00e9pit de sa blessure, au match de [&hellip;]<\/p>\n","protected":false},"author":1738,"featured_media":24174,"comment_status":"closed","ping_status":"closed","sticky":false,"template":"","format":"standard","meta":{"fifu_image_url":"","fifu_image_alt":"","footnotes":""},"categories":[53,75],"tags":[],"class_list":["post-24173","post","type-post","status-publish","format-standard","has-post-thumbnail","hentry","category-algerie","category-sport"],"_links":{"self":[{"href":"https:\/\/linitiative.ca\/International\/wp-json\/wp\/v2\/posts\/24173","targetHints":{"allow":["GET"]}}],"collection":[{"href":"https:\/\/linitiative.ca\/International\/wp-json\/wp\/v2\/posts"}],"about":[{"href":"https:\/\/linitiative.ca\/International\/wp-json\/wp\/v2\/types\/post"}],"author":[{"embeddable":true,"href":"https:\/\/linitiative.ca\/International\/wp-json\/wp\/v2\/users\/1738"}],"replies":[{"embeddable":true,"href":"https:\/\/linitiative.ca\/International\/wp-json\/wp\/v2\/comments?post=24173"}],"version-history":[{"count":0,"href":"https:\/\/linitiative.ca\/International\/wp-json\/wp\/v2\/posts\/24173\/revisions"}],"wp:featuredmedia":[{"embeddable":true,"href":"https:\/\/linitiative.ca\/International\/wp-json\/"}],"wp:attachment":[{"href":"https:\/\/linitiative.ca\/International\/wp-json\/wp\/v2\/media?parent=24173"}],"wp:term":[{"taxonomy":"category","embeddable":true,"href":"https:\/\/linitiative.ca\/International\/wp-json\/wp\/v2\/categories?post=24173"},{"taxonomy":"post_tag","embeddable":true,"href":"https:\/\/linitiative.ca\/International\/wp-json\/wp\/v2\/tags?post=24173"}],"curies":[{"name":"wp","href":"https:\/\/api.w.org\/{rel}","templated":true}]}}