{"id":24192,"date":"2019-03-26T13:47:00","date_gmt":"2019-03-26T17:47:00","guid":{"rendered":"https:\/\/linitiative.ca\/International\/kheireddine-le-bus-bleu-de-letum-empeche-de-circuler\/"},"modified":"2019-03-26T13:47:00","modified_gmt":"2019-03-26T17:47:00","slug":"kheireddine-le-bus-bleu-de-letum-empeche-de-circuler","status":"publish","type":"post","link":"https:\/\/linitiative.ca\/International\/kheireddine-le-bus-bleu-de-letum-empeche-de-circuler\/","title":{"rendered":"KHEIREDDINE : Le bus  bleu de l\u2019ETUM, emp\u00each\u00e9 de circuler"},"content":{"rendered":"<p><br id=\"sep_para_1\" class=\"sep_para access\"\/><\/p>\n<div id=\"para_1\" class=\"para_29973153 resize\">\n<div class=\"texte access firstletter\">Finalement, le monde du transport public\u00a0 \u00e0 Mostaganem ne semble\u00a0 pas aller vers le mieux, un bras de fer parait opposer de jour en jour\u00a0 les transporteurs publics et priv\u00e9s. Apr\u00e8s la disparition\u00a0 de la ligne \u2018\u2019Hassi-Mameche- Mostaganem\u2019\u2019 qui n\u2019a pu survivre\u00a0 qu\u2019une unique journ\u00e9e et finir par s\u2019\u00e9vaporer sans la moindre suite, c\u2019est au tour des transporteurs priv\u00e9s d\u2019Ain T\u00e9del\u00e8s de monter au cr\u00e9neau, en fermant la circulation pour emp\u00eacher le bus bleu de l\u2019Etum, desservant la ligne 21 (Kheireddine-Mostaganem) d\u2019acc\u00e9der\u00a0 aux arr\u00eats et poursuivre\u00a0 ses all\u00e9es et venues. Cette triste situation ne semble point\u00a0 plaire \u00e0 ses usagers\u00a0 si l\u00e9s\u00e9s de voir un bus se faire\u00a0 carr\u00e9ment\u00a0 \u2018\u2019attaquer\u2019\u2019 par d\u2019autres cars\u00a0 qui lui ferment la voie\u00a0\u00a0 et tentent par tous les moyens\u00a0 de mettre fin \u00e0 ses activit\u00e9s. Face \u00e0 de tels actes si vils, il est temps que les autorit\u00e9s concern\u00e9es interviennent\u00a0 pour maintenir l\u2019ordre dans un secteur si n\u00e9vralgique ayant tendance \u00e0 r\u00e9gner dans l\u2019anarchie totale.\u00a0<\/div>\n<\/div>\n<p>Auteur: Smain<br \/>\n<a href=\"https:\/\/www.reflexiondz.net\/KHEIREDDINE-Le-bus-bleu-de-l-ETUM-empeche-de-circuler_a55122.html\">Cliquez ici pour lire l&rsquo;article depuis sa source.<\/a><\/p>\n","protected":false},"excerpt":{"rendered":"<p>Finalement, le monde du transport public\u00a0 \u00e0 Mostaganem ne semble\u00a0 pas aller vers le mieux, un bras de fer parait opposer de jour en jour\u00a0 les transporteurs publics et priv\u00e9s. Apr\u00e8s la disparition\u00a0 de la ligne \u2018\u2019Hassi-Mameche- Mostaganem\u2019\u2019 qui n\u2019a pu survivre\u00a0 qu\u2019une unique journ\u00e9e et finir par s\u2019\u00e9vaporer sans la moindre suite, c\u2019est au [&hellip;]<\/p>\n","protected":false},"author":1740,"featured_media":0,"comment_status":"closed","ping_status":"closed","sticky":false,"template":"","format":"standard","meta":{"fifu_image_url":"","fifu_image_alt":"","footnotes":""},"categories":[53,76],"tags":[],"class_list":["post-24192","post","type-post","status-publish","format-standard","hentry","category-algerie","category-regions"],"_links":{"self":[{"href":"https:\/\/linitiative.ca\/International\/wp-json\/wp\/v2\/posts\/24192","targetHints":{"allow":["GET"]}}],"collection":[{"href":"https:\/\/linitiative.ca\/International\/wp-json\/wp\/v2\/posts"}],"about":[{"href":"https:\/\/linitiative.ca\/International\/wp-json\/wp\/v2\/types\/post"}],"author":[{"embeddable":true,"href":"https:\/\/linitiative.ca\/International\/wp-json\/wp\/v2\/users\/1740"}],"replies":[{"embeddable":true,"href":"https:\/\/linitiative.ca\/International\/wp-json\/wp\/v2\/comments?post=24192"}],"version-history":[{"count":0,"href":"https:\/\/linitiative.ca\/International\/wp-json\/wp\/v2\/posts\/24192\/revisions"}],"wp:attachment":[{"href":"https:\/\/linitiative.ca\/International\/wp-json\/wp\/v2\/media?parent=24192"}],"wp:term":[{"taxonomy":"category","embeddable":true,"href":"https:\/\/linitiative.ca\/International\/wp-json\/wp\/v2\/categories?post=24192"},{"taxonomy":"post_tag","embeddable":true,"href":"https:\/\/linitiative.ca\/International\/wp-json\/wp\/v2\/tags?post=24192"}],"curies":[{"name":"wp","href":"https:\/\/api.w.org\/{rel}","templated":true}]}}