{"id":24196,"date":"2019-03-26T06:30:00","date_gmt":"2019-03-26T10:30:00","guid":{"rendered":"https:\/\/linitiative.ca\/International\/jalel-chelba-monsieur-societe-civile-a-lua\/"},"modified":"2019-03-26T06:30:00","modified_gmt":"2019-03-26T10:30:00","slug":"jalel-chelba-monsieur-societe-civile-a-lua","status":"publish","type":"post","link":"https:\/\/linitiative.ca\/International\/jalel-chelba-monsieur-societe-civile-a-lua\/","title":{"rendered":"Jalel Chelba: Monsieur Soci\u00e9t\u00e9 civile \u00e0 l&rsquo;UA"},"content":{"rendered":"<p>Chef de la division de la soci\u00e9t\u00e9 civile, il aligne une longue carri\u00e8re diplomatique qui l\u2019avait men\u00e9 \u00e0 l\u2019ambassade de Tunisie \u00e0 Addis-Abeba. A la fin de son affectation, ce natif de Djerba, amoureux de son \u00eele natale, a \u00e9t\u00e9 sollicit\u00e9 pour rejoindre l\u2019UA. Au moment o\u00f9 la soci\u00e9t\u00e9 civile africaine monte en puissance, la mission de Jalel trouve toute sa signification. Il y r\u00e9ussit bien.<\/p>\n<p><strong>Lire aussi<\/strong><br \/><a href=\"https:\/\/www.leaders.com.tn\/article\/26749-hatem-essaiem-un-diplomate-de-carriere-pour-la-prevention-de-la-torture\" target=\"_blank\" rel=\"noopener noreferrer\">Hatem Essaiem: Un diplomate de carri\u00e8re pour la pr\u00e9vention de la torture<\/a><br \/><a href=\"https:\/\/www.leaders.com.tn\/article\/26744-ces-tunisiens-d-addis-abeba\" target=\"_blank\" rel=\"noopener noreferrer\">Ces Tunisiens d\u2019Addis-Abeba<\/a><br \/><a href=\"https:\/\/www.leaders.com.tn\/article\/26743-coup-de-foudre-a-addis-abeba-impressionnante-ethiopie\" target=\"_blank\" rel=\"noopener noreferrer\">Coup de foudre \u00e0 Addis-Abeba: Impressionnante Ethiopie<\/a><\/p>\n<p><a href=\"https:\/\/www.leaders.com.tn\/article\/26750-hajer-gueldich-sur-les-pas-de-rafaa-ben-achour\" target=\"_blank\" rel=\"noopener noreferrer\">Hajer Gueldich: Sur les pas de Rafaa Ben Achour<\/a><\/p>\n<p><a href=\"https:\/\/www.leaders.com.tn\/article\/26756-leila-ben-ali-kraiem-le-maitre-d-oeuvre-de-l-institut-africain-de-tunis\" target=\"_blank\" rel=\"noopener noreferrer\">Leila Ben Ali Kraiem : le ma\u00eetre d&rsquo;oeuvre de l&rsquo;Institut africain de Tunis<\/a><\/p>\n<p><a href=\"https:\/\/www.leaders.com.tn\/article\/26752-dr-wafa-dabbabi-a-la-clinique-presidentielle\" target=\"_blank\" rel=\"noopener noreferrer\">Dr Wafa Dabbabi: la cheville ouvri\u00e8re de la clinique pr\u00e9sidentielle \u00e0 l&rsquo;UA<\/a><\/p>\n<p class=\"c2\"><strong><a href=\"http:\/\/www.leaders.com.tn\/le_mensuel_abonnez_vous\"><img loading=\"lazy\" decoding=\"async\" src=\"\/uploads\/FCK_files\/Bandeau-Leaders-1-copie(17).jpg\" alt=\"\" width=\"500\" vspace=\"5\" hspace=\"5\" height=\"128\" align=\"middle\"\/><\/a><\/strong><\/p>\n<p>\u00a0<\/p>\n<p>Auteur:<br \/>\n<a href=\"https:\/\/www.leaders.com.tn\/article\/26762-jalel-chelba-monsieur-societe-civile\">Cliquez ici pour lire l&rsquo;article depuis sa source.<\/a><\/p>\n","protected":false},"excerpt":{"rendered":"<p>Chef de la division de la soci\u00e9t\u00e9 civile, il aligne une longue carri\u00e8re diplomatique qui l\u2019avait men\u00e9 \u00e0 l\u2019ambassade de Tunisie \u00e0 Addis-Abeba. A la fin de son affectation, ce natif de Djerba, amoureux de son \u00eele natale, a \u00e9t\u00e9 sollicit\u00e9 pour rejoindre l\u2019UA. Au moment o\u00f9 la soci\u00e9t\u00e9 civile africaine monte en puissance, la [&hellip;]<\/p>\n","protected":false},"author":1772,"featured_media":24197,"comment_status":"closed","ping_status":"closed","sticky":false,"template":"","format":"standard","meta":{"fifu_image_url":"","fifu_image_alt":"","footnotes":""},"categories":[73,55],"tags":[],"class_list":["post-24196","post","type-post","status-publish","format-standard","has-post-thumbnail","hentry","category-actualite","category-tunisie"],"_links":{"self":[{"href":"https:\/\/linitiative.ca\/International\/wp-json\/wp\/v2\/posts\/24196","targetHints":{"allow":["GET"]}}],"collection":[{"href":"https:\/\/linitiative.ca\/International\/wp-json\/wp\/v2\/posts"}],"about":[{"href":"https:\/\/linitiative.ca\/International\/wp-json\/wp\/v2\/types\/post"}],"author":[{"embeddable":true,"href":"https:\/\/linitiative.ca\/International\/wp-json\/wp\/v2\/users\/1772"}],"replies":[{"embeddable":true,"href":"https:\/\/linitiative.ca\/International\/wp-json\/wp\/v2\/comments?post=24196"}],"version-history":[{"count":0,"href":"https:\/\/linitiative.ca\/International\/wp-json\/wp\/v2\/posts\/24196\/revisions"}],"wp:featuredmedia":[{"embeddable":true,"href":"https:\/\/linitiative.ca\/International\/wp-json\/"}],"wp:attachment":[{"href":"https:\/\/linitiative.ca\/International\/wp-json\/wp\/v2\/media?parent=24196"}],"wp:term":[{"taxonomy":"category","embeddable":true,"href":"https:\/\/linitiative.ca\/International\/wp-json\/wp\/v2\/categories?post=24196"},{"taxonomy":"post_tag","embeddable":true,"href":"https:\/\/linitiative.ca\/International\/wp-json\/wp\/v2\/tags?post=24196"}],"curies":[{"name":"wp","href":"https:\/\/api.w.org\/{rel}","templated":true}]}}