{"id":24209,"date":"2019-03-26T06:00:00","date_gmt":"2019-03-26T10:00:00","guid":{"rendered":"https:\/\/linitiative.ca\/International\/les-inspecteurs-et-les-controleurs-de-commerce-en-colere\/"},"modified":"2019-03-26T06:00:00","modified_gmt":"2019-03-26T10:00:00","slug":"les-inspecteurs-et-les-controleurs-de-commerce-en-colere","status":"publish","type":"post","link":"https:\/\/linitiative.ca\/International\/les-inspecteurs-et-les-controleurs-de-commerce-en-colere\/","title":{"rendered":"Les inspecteurs et les contr\u00f4leurs de commerce en col\u00e8re"},"content":{"rendered":"<p>Manque de moyens pour r\u00e9aliser leur travail, salaires \u00e9rod\u00e9s par l\u2019inflation, pression de l\u2019environnement, les contr\u00f4leurs et les inspecteurs de la Direction du commerce de la wilaya de Boumerd\u00e8s,\u00a0 premiers d\u00e9fenseurs des consommateurs, sont en col\u00e8re et n\u2019ont pas h\u00e9sit\u00e9 \u00e0 le faire savoir \u00e0 leur tutelle minist\u00e9rielle et \u00e0 l\u2019opinion publique.\u00a0<br \/>La goutte qui a fait d\u00e9border le vase est la convocation par la police de Th\u00e9nia de deux de leurs coll\u00e8gues \u00ab chez eux \u00bb \u00ab comme s\u2019il s\u2019agissait de d\u00e9linquants alors qu\u2019ils accomplissaient leu mission \u00bb, fustigeait\u00a0 l\u2019inspectrice M. Salima qui participait au sit-in de protestation avec ses coll\u00e8gues. L\u2019affaire a commenc\u00e9 par un contr\u00f4le de routine d\u2019un commer\u00e7ant de la ville de Th\u00e9nia. Ce dernier a, nous dit-on, refus\u00e9\u00a0 de montrer ses papiers aux deux agents asserment\u00e9s\u00a0 lesquels, d\u2019apr\u00e8s Salima, ont dress\u00e9 un proc\u00e8s-verbal r\u00e9glementaire. Ce constat est destin\u00e9 \u00e0 la justice. Quant au commer\u00e7ant, il a d\u00e9pos\u00e9 plainte au niveau de la police de la ville de Th\u00e9nia. \u00ab Le conflit est n\u00e9 \u00e0 la suite d\u2019un litige dans le cadre d\u2019un travail r\u00e9glementaire. Nos deux coll\u00e8gues devaient recevoir leurs\u00a0 convocations par le biais de leur hi\u00e9rarchie, pas chez eux. Ce ne sont pas des d\u00e9linquants \u00bb, proteste S. Karim qui ajoute : \u00ab Nous recevons beaucoup de menaces et souvent nous manquons de protection. Mais cette fois, c\u2019est trop. \u00bb Tout le monde reconna\u00eet aux agents et inspecteurs du commerce de la wilaya de Boumerd\u00e8s leurs efforts pour lutter contre la fraude et la sp\u00e9culation, d\u00e9fendant ainsi le pouvoir d\u2019achat des citoyens et notamment la qualit\u00e9 des produits qu\u2019ils ach\u00e8tent.\u00a0<br \/>A la veille du mois de Ramadhan et de la saison estivale, qui voient certains commer\u00e7ants redoubler de f\u00e9rocit\u00e9, cette plainte ne vise-t-elle pas \u00e0 d\u00e9courager ces agents de l\u2019Etat\u00a0 \u00e0 faire leur travail,\u00a0 lesquels, d\u00e9j\u00e0\u00a0 au d\u00e9part, manquent terriblement de moyens et sont moins bien pay\u00e9s ?<br \/>Abachi L.<\/p>\n<p>Auteur:<br \/>\n<a href=\"https:\/\/www.lesoirdalgerie.com\/regions\/les-inspecteurs-et-les-controleurs-de-commerce-en-colere-21252\">Cliquez ici pour lire l&rsquo;article depuis sa source.<\/a><\/p>\n","protected":false},"excerpt":{"rendered":"<p>Manque de moyens pour r\u00e9aliser leur travail, salaires \u00e9rod\u00e9s par l\u2019inflation, pression de l\u2019environnement, les contr\u00f4leurs et les inspecteurs de la Direction du commerce de la wilaya de Boumerd\u00e8s,\u00a0 premiers d\u00e9fenseurs des consommateurs, sont en col\u00e8re et n\u2019ont pas h\u00e9sit\u00e9 \u00e0 le faire savoir \u00e0 leur tutelle minist\u00e9rielle et \u00e0 l\u2019opinion publique.\u00a0La goutte qui a [&hellip;]<\/p>\n","protected":false},"author":1741,"featured_media":0,"comment_status":"closed","ping_status":"closed","sticky":false,"template":"","format":"standard","meta":{"fifu_image_url":"","fifu_image_alt":"","footnotes":""},"categories":[73,53],"tags":[],"class_list":["post-24209","post","type-post","status-publish","format-standard","hentry","category-actualite","category-algerie"],"_links":{"self":[{"href":"https:\/\/linitiative.ca\/International\/wp-json\/wp\/v2\/posts\/24209","targetHints":{"allow":["GET"]}}],"collection":[{"href":"https:\/\/linitiative.ca\/International\/wp-json\/wp\/v2\/posts"}],"about":[{"href":"https:\/\/linitiative.ca\/International\/wp-json\/wp\/v2\/types\/post"}],"author":[{"embeddable":true,"href":"https:\/\/linitiative.ca\/International\/wp-json\/wp\/v2\/users\/1741"}],"replies":[{"embeddable":true,"href":"https:\/\/linitiative.ca\/International\/wp-json\/wp\/v2\/comments?post=24209"}],"version-history":[{"count":0,"href":"https:\/\/linitiative.ca\/International\/wp-json\/wp\/v2\/posts\/24209\/revisions"}],"wp:attachment":[{"href":"https:\/\/linitiative.ca\/International\/wp-json\/wp\/v2\/media?parent=24209"}],"wp:term":[{"taxonomy":"category","embeddable":true,"href":"https:\/\/linitiative.ca\/International\/wp-json\/wp\/v2\/categories?post=24209"},{"taxonomy":"post_tag","embeddable":true,"href":"https:\/\/linitiative.ca\/International\/wp-json\/wp\/v2\/tags?post=24209"}],"curies":[{"name":"wp","href":"https:\/\/api.w.org\/{rel}","templated":true}]}}