{"id":24211,"date":"2019-03-26T06:00:00","date_gmt":"2019-03-26T10:00:00","guid":{"rendered":"https:\/\/linitiative.ca\/International\/pour-ou-contre-ce-debat-qui-dechire\/"},"modified":"2019-03-26T06:00:00","modified_gmt":"2019-03-26T10:00:00","slug":"pour-ou-contre-ce-debat-qui-dechire","status":"publish","type":"post","link":"https:\/\/linitiative.ca\/International\/pour-ou-contre-ce-debat-qui-dechire\/","title":{"rendered":"Pour ou contre ? Ce d\u00e9bat qui d\u00e9chire !"},"content":{"rendered":"<p class=\"c3\">Urgent ! Breaking news ! Derni\u00e8re minute ! Ouyahia nomm\u00e9 ambassadeur en\u2026 Syrie ! Comme quoi, \u00e7a commence toujours avec des\u2026<\/p>\n<p class=\"c3\"><strong>Fleurs et\u2026<\/strong><\/p>\n<p class=\"c3\">L\u00e0, j\u2019en ai la preuve formelle ! Absolue ! Les officines d\u2019informaticiens, de \u00abmouches\u00bb du clavier charg\u00e9es de polluer le d\u00e9bat autour des marches, de parasiter l\u2019initiative citoyenne existent. Sinon, comment expliquer que le \u00abgros\u00bb des interventions ces derni\u00e8res heures soit focalis\u00e9 sur le\u2026 Vuvuzela ! Si ! Si ! Une vulgaire trompette en plastique qui se hisse en haut du top 10 des priorit\u00e9s de la \u00abr\u00e9volution pacifique\u00bb. Bien avant d\u2019autres questions soudain-tout-\u00e0-coup consid\u00e9r\u00e9es comme moins urgentes, moins \u00abd\u00e9cib\u00e9lantes\u00bb ! On n\u2019\u00e9voque plus ou alors du bout des l\u00e8vres bouch\u00e9es par le vuvuzela l\u2019enjeu de leaders jeunes et consensuels du Mouvement n\u00e9 le 22 f\u00e9vrier. On ne discute presque plus de la n\u00e9cessit\u00e9 de se doter d\u2019un Conseil National de la Rue ! Non ! Fi de ces questions tellement, tellement subsidiaires ! L\u2019urgence de chez urgence, c\u2019est le vuvuzela ! Des manifestants offusqu\u00e9s expliquent leur irritation et leurs si douloureux bourdonnements aux oreilles par le fait r\u00e9voltant qu\u2019ils n\u2019ont pas pu faire entendre leurs slogans ni entendre ceux des autres \u00e0 cause des vuvuzela ! Eh ! Madame ! Eh ! Monsieur ! Comme il a \u00e9t\u00e9 d\u00e9cid\u00e9 de brigades de nettoyage, il est tout aussi envisageable de charger un comit\u00e9 de vigilance et de s\u00e9curit\u00e9 de la manif\u2019 d\u2019en extraire ces \u00ab instruments de la pagaille \u00bb utilis\u00e9s par les appareils r\u00e9pressifs de l\u2019Etat pour porter atteinte \u00e0 l\u2019unit\u00e9 dans les rangs des manifestants ! M\u2019enfin ! Se retrouver \u00e0 la lisi\u00e8re du 6e vendredi et d\u00e9battre du vuvuzela ! Et pourquoi pas du karkabou, hein, Le bruit m\u00e9tallique du karkabou, c\u2019est g\u00eanant, non ? Et la fl\u00fbte traversi\u00e8re, aussi, yek ? On croit que la fl\u00fbte traversi\u00e8re est un instrument doux, pacifique, mais on se trompe\u00a0 ! La fl\u00fbte traversi\u00e8re est un \u00e9l\u00e9ment infiltr\u00e9 dans les rangs par l\u2019orchestre philarmonique de Milan, donc la main \u00e9trang\u00e8re ! Alors, sus aussi \u00e0 la fl\u00fbte traversi\u00e8re ! Yakhi hala, yakhi ! Je fume du th\u00e9 et je reste \u00e9veill\u00e9, le cauchemar continue.<br \/><em><strong>H. L.<\/strong><\/em><\/p>\n<p>Auteur:<br \/>\n<a href=\"https:\/\/www.lesoirdalgerie.com\/pousse-avec-eux\/pour-ou-contre-ce-debat-qui-dechire-21250\">Cliquez ici pour lire l&rsquo;article depuis sa source.<\/a><\/p>\n","protected":false},"excerpt":{"rendered":"<p>Urgent ! Breaking news ! Derni\u00e8re minute ! Ouyahia nomm\u00e9 ambassadeur en\u2026 Syrie ! Comme quoi, \u00e7a commence toujours avec des\u2026 Fleurs et\u2026 L\u00e0, j\u2019en ai la preuve formelle ! Absolue ! Les officines d\u2019informaticiens, de \u00abmouches\u00bb du clavier charg\u00e9es de polluer le d\u00e9bat autour des marches, de parasiter l\u2019initiative citoyenne existent. Sinon, comment expliquer [&hellip;]<\/p>\n","protected":false},"author":1741,"featured_media":0,"comment_status":"closed","ping_status":"closed","sticky":false,"template":"","format":"standard","meta":{"fifu_image_url":"","fifu_image_alt":"","footnotes":""},"categories":[73,53],"tags":[],"class_list":["post-24211","post","type-post","status-publish","format-standard","hentry","category-actualite","category-algerie"],"_links":{"self":[{"href":"https:\/\/linitiative.ca\/International\/wp-json\/wp\/v2\/posts\/24211","targetHints":{"allow":["GET"]}}],"collection":[{"href":"https:\/\/linitiative.ca\/International\/wp-json\/wp\/v2\/posts"}],"about":[{"href":"https:\/\/linitiative.ca\/International\/wp-json\/wp\/v2\/types\/post"}],"author":[{"embeddable":true,"href":"https:\/\/linitiative.ca\/International\/wp-json\/wp\/v2\/users\/1741"}],"replies":[{"embeddable":true,"href":"https:\/\/linitiative.ca\/International\/wp-json\/wp\/v2\/comments?post=24211"}],"version-history":[{"count":0,"href":"https:\/\/linitiative.ca\/International\/wp-json\/wp\/v2\/posts\/24211\/revisions"}],"wp:attachment":[{"href":"https:\/\/linitiative.ca\/International\/wp-json\/wp\/v2\/media?parent=24211"}],"wp:term":[{"taxonomy":"category","embeddable":true,"href":"https:\/\/linitiative.ca\/International\/wp-json\/wp\/v2\/categories?post=24211"},{"taxonomy":"post_tag","embeddable":true,"href":"https:\/\/linitiative.ca\/International\/wp-json\/wp\/v2\/tags?post=24211"}],"curies":[{"name":"wp","href":"https:\/\/api.w.org\/{rel}","templated":true}]}}