{"id":24213,"date":"2019-03-26T06:00:00","date_gmt":"2019-03-26T10:00:00","guid":{"rendered":"https:\/\/linitiative.ca\/International\/ce-quil-faut-savoir-sur-les-conges-de-maternite\/"},"modified":"2019-03-26T06:00:00","modified_gmt":"2019-03-26T10:00:00","slug":"ce-quil-faut-savoir-sur-les-conges-de-maternite","status":"publish","type":"post","link":"https:\/\/linitiative.ca\/International\/ce-quil-faut-savoir-sur-les-conges-de-maternite\/","title":{"rendered":"Ce qu\u2019il faut savoir sur les cong\u00e9s de maternit\u00e9"},"content":{"rendered":"<p>La Caisse de s\u00e9curit\u00e9 sociale vient de publier un guide qu&rsquo;elle a rendu public pour informer sur tout ce qu&rsquo;il faut savoir sur le cong\u00e9 de maternit\u00e9.\u00a0<br \/>Une d\u00e9marche qui va mettre fin aux pr\u00e9occupations des femmes concern\u00e9es qui se retrouvent souvent dans l&#8217;embarras et oblig\u00e9es de se d\u00e9placer \u00e0 l&rsquo;une des agences Cnas pour se renseigner.\u00a0<\/p>\n<p>Auteur:<br \/>\n<a href=\"https:\/\/www.lesoirdalgerie.com\/periscoop\/ce-quil-faut-savoir-sur-les-conges-de-maternite-21248\">Cliquez ici pour lire l&rsquo;article depuis sa source.<\/a><\/p>\n","protected":false},"excerpt":{"rendered":"<p>La Caisse de s\u00e9curit\u00e9 sociale vient de publier un guide qu&rsquo;elle a rendu public pour informer sur tout ce qu&rsquo;il faut savoir sur le cong\u00e9 de maternit\u00e9.\u00a0Une d\u00e9marche qui va mettre fin aux pr\u00e9occupations des femmes concern\u00e9es qui se retrouvent souvent dans l&#8217;embarras et oblig\u00e9es de se d\u00e9placer \u00e0 l&rsquo;une des agences Cnas pour se [&hellip;]<\/p>\n","protected":false},"author":1741,"featured_media":0,"comment_status":"closed","ping_status":"closed","sticky":false,"template":"","format":"standard","meta":{"fifu_image_url":"","fifu_image_alt":"","footnotes":""},"categories":[73,53],"tags":[],"class_list":["post-24213","post","type-post","status-publish","format-standard","hentry","category-actualite","category-algerie"],"_links":{"self":[{"href":"https:\/\/linitiative.ca\/International\/wp-json\/wp\/v2\/posts\/24213","targetHints":{"allow":["GET"]}}],"collection":[{"href":"https:\/\/linitiative.ca\/International\/wp-json\/wp\/v2\/posts"}],"about":[{"href":"https:\/\/linitiative.ca\/International\/wp-json\/wp\/v2\/types\/post"}],"author":[{"embeddable":true,"href":"https:\/\/linitiative.ca\/International\/wp-json\/wp\/v2\/users\/1741"}],"replies":[{"embeddable":true,"href":"https:\/\/linitiative.ca\/International\/wp-json\/wp\/v2\/comments?post=24213"}],"version-history":[{"count":0,"href":"https:\/\/linitiative.ca\/International\/wp-json\/wp\/v2\/posts\/24213\/revisions"}],"wp:attachment":[{"href":"https:\/\/linitiative.ca\/International\/wp-json\/wp\/v2\/media?parent=24213"}],"wp:term":[{"taxonomy":"category","embeddable":true,"href":"https:\/\/linitiative.ca\/International\/wp-json\/wp\/v2\/categories?post=24213"},{"taxonomy":"post_tag","embeddable":true,"href":"https:\/\/linitiative.ca\/International\/wp-json\/wp\/v2\/tags?post=24213"}],"curies":[{"name":"wp","href":"https:\/\/api.w.org\/{rel}","templated":true}]}}