{"id":24223,"date":"2019-03-26T13:27:09","date_gmt":"2019-03-26T17:27:09","guid":{"rendered":"https:\/\/linitiative.ca\/International\/tunisie-kairouan-une-marche-pacifique-pour-demander-le-decalage-de-la-date-des-elections\/"},"modified":"2019-03-26T13:27:09","modified_gmt":"2019-03-26T17:27:09","slug":"tunisie-kairouan-une-marche-pacifique-pour-demander-le-decalage-de-la-date-des-elections","status":"publish","type":"post","link":"https:\/\/linitiative.ca\/International\/tunisie-kairouan-une-marche-pacifique-pour-demander-le-decalage-de-la-date-des-elections\/","title":{"rendered":"Tunisie \u2013 Kairouan\u00a0: Une marche pacifique pour demander le d\u00e9calage de la date des \u00e9lections"},"content":{"rendered":"<div class=\"post-cont-in left relative\">\n<div class=\"nc_socialPanel swp_flatFresh swp_d_fullColor swp_i_fullColor swp_o_fullColor scale-100 scale-fullWidth\" data-position=\"none\" data-float=\"floatNone\" data-count=\"5\" data-floatcolor=\"#ffffff\" data-emphasize=\"0\">\n<div class=\"nc_tweetContainer totes totesalt\" data-id=\"6\"><span class=\"swp_count\"><span class=\"swp_label\">Partages<\/span> 37<\/span><\/div>\n<\/div>\n<p>Un certain nombre d\u2019habitants de la ville de Kairouan, soutenus par l\u2019Union R\u00e9gionale des travailleurs et de l\u2019UTICA, ainsi que par le bureau r\u00e9gional des avocats et des m\u00e9decins de libre pratique et de nombreuses composantes de la soci\u00e9t\u00e9 civile ont organis\u00e9, ce mardi, une marche pacifique pour demander aux autorit\u00e9s de faire pression sur l\u2019ISIE afin de d\u00e9caler la date des \u00e9lections pr\u00e9sidentielles qui vont, vraisemblablement, co\u00efncider avec le Mouled.<\/p>\n<p>Les habitants de la ville veulent jouir des avantages \u00e9conomiques que leur procurent les festivit\u00e9s du Mouled qui se tiennent dans cette ville\u2026\u00a0 \u00a0 \u00a0 \u00a0 \u00a0 \u00a0 \u00a0 \u00a0 \u00a0 \u00a0 \u00a0 \u00a0 \u00a0 \u00a0 \u00a0 \u00a0 \u00a0 \u00a0 \u00a0 \u00a0 \u00a0 \u00a0 \u00a0 \u00a0 \u00a0 \u00a0 \u00a0 \u00a0 \u00a0 \u00a0 \u00a0 \u00a0 \u00a0 \u00a0 \u00a0 \u00a0 \u00a0 \u00a0 \u00a0 \u00a0 \u00a0 \u00a0 \u00a0 \u00a0 \u00a0 \u00a0 \u00a0 \u00a0 \u00a0 \u00a0 \u00a0 A d\u00e9faut d\u2019autres sources de richesse et de d\u00e9veloppement r\u00e9gional\u00a0!<\/p>\n<div class=\"code-block code-block-1 c3\"><ins class=\"adsbygoogle c2\" data-ad-layout=\"in-article\" data-ad-format=\"fluid\" data-ad-client=\"ca-pub-2102118777505746\" data-ad-slot=\"7301775417\"\/> <\/div>\n<div class=\"mvp-org-wrap mvp-org-logo\" itemprop=\"publisher\" itemscope=\"\" itemtype=\"https:\/\/schema.org\/Organization\"><img decoding=\"async\" src=\"https:\/\/www.tunisienumerique.com\/wp-content\/uploads\/2017\/02\/logo_tunisie_numerique.png\"\/><\/div>\n<div class=\"nc_socialPanel swp_flatFresh swp_d_fullColor swp_i_fullColor swp_o_fullColor scale-100 scale-fullWidth\" data-position=\"none\" data-float=\"floatNone\" data-count=\"5\" data-floatcolor=\"#ffffff\" data-emphasize=\"0\">\n<div class=\"nc_tweetContainer totes totesalt\" data-id=\"6\"><span class=\"swp_count\"><span class=\"swp_label\">Partages<\/span> 37<\/span><\/div>\n<\/div>\n<div class=\"mvp-related-posts left relative\">\n<h4 class=\"post-header\"><span class=\"post-header\">Lire aussi<\/span><\/h4>\n<\/div>\n<\/div>\n<p>Auteur: LM<br \/>\n<a href=\"https:\/\/www.tunisienumerique.com\/tunisie-kairouan-une-marche-pacifique-pour-demander-le-decalage-de-la-date-des-elections\/\">Cliquez ici pour lire l&rsquo;article depuis sa source.<\/a><\/p>\n","protected":false},"excerpt":{"rendered":"<p>Partages 37 Un certain nombre d\u2019habitants de la ville de Kairouan, soutenus par l\u2019Union R\u00e9gionale des travailleurs et de l\u2019UTICA, ainsi que par le bureau r\u00e9gional des avocats et des m\u00e9decins de libre pratique et de nombreuses composantes de la soci\u00e9t\u00e9 civile ont organis\u00e9, ce mardi, une marche pacifique pour demander aux autorit\u00e9s de faire [&hellip;]<\/p>\n","protected":false},"author":1789,"featured_media":24224,"comment_status":"closed","ping_status":"closed","sticky":false,"template":"","format":"standard","meta":{"fifu_image_url":"","fifu_image_alt":"","footnotes":""},"categories":[73,55],"tags":[],"class_list":["post-24223","post","type-post","status-publish","format-standard","has-post-thumbnail","hentry","category-actualite","category-tunisie"],"_links":{"self":[{"href":"https:\/\/linitiative.ca\/International\/wp-json\/wp\/v2\/posts\/24223","targetHints":{"allow":["GET"]}}],"collection":[{"href":"https:\/\/linitiative.ca\/International\/wp-json\/wp\/v2\/posts"}],"about":[{"href":"https:\/\/linitiative.ca\/International\/wp-json\/wp\/v2\/types\/post"}],"author":[{"embeddable":true,"href":"https:\/\/linitiative.ca\/International\/wp-json\/wp\/v2\/users\/1789"}],"replies":[{"embeddable":true,"href":"https:\/\/linitiative.ca\/International\/wp-json\/wp\/v2\/comments?post=24223"}],"version-history":[{"count":0,"href":"https:\/\/linitiative.ca\/International\/wp-json\/wp\/v2\/posts\/24223\/revisions"}],"wp:featuredmedia":[{"embeddable":true,"href":"https:\/\/linitiative.ca\/International\/wp-json\/"}],"wp:attachment":[{"href":"https:\/\/linitiative.ca\/International\/wp-json\/wp\/v2\/media?parent=24223"}],"wp:term":[{"taxonomy":"category","embeddable":true,"href":"https:\/\/linitiative.ca\/International\/wp-json\/wp\/v2\/categories?post=24223"},{"taxonomy":"post_tag","embeddable":true,"href":"https:\/\/linitiative.ca\/International\/wp-json\/wp\/v2\/tags?post=24223"}],"curies":[{"name":"wp","href":"https:\/\/api.w.org\/{rel}","templated":true}]}}