{"id":24227,"date":"2019-03-26T13:47:59","date_gmt":"2019-03-26T17:47:59","guid":{"rendered":"https:\/\/linitiative.ca\/International\/tunisie-exportations-pourquoi-nous-avance-t-on-toujours-des-chiffres-trompeurs\/"},"modified":"2019-03-26T13:47:59","modified_gmt":"2019-03-26T17:47:59","slug":"tunisie-exportations-pourquoi-nous-avance-t-on-toujours-des-chiffres-trompeurs","status":"publish","type":"post","link":"https:\/\/linitiative.ca\/International\/tunisie-exportations-pourquoi-nous-avance-t-on-toujours-des-chiffres-trompeurs\/","title":{"rendered":"Tunisie \u2013 Exportations\u00a0: Pourquoi nous avance-t-on, toujours, des chiffres trompeurs\u00a0?"},"content":{"rendered":"<div class=\"post-cont-in left relative\">\n<div class=\"nc_socialPanel swp_flatFresh swp_d_fullColor swp_i_fullColor swp_o_fullColor scale-100 scale-fullWidth\" data-position=\"none\" data-float=\"floatNone\" data-count=\"5\" data-floatcolor=\"#ffffff\" data-emphasize=\"0\">\n<div class=\"nc_tweetContainer totes totesalt\" data-id=\"6\"><span class=\"swp_count\"><span class=\"swp_label\">Partages<\/span> 44<\/span><\/div>\n<\/div>\n<p>Le minist\u00e8re de l\u2019Agriculture a publi\u00e9 les r\u00e9sultats de son \u00ab\u00a0exploit\u00a0\u00bb pour la saison de l\u2019exportation des dattes.<\/p>\n<p>Le minist\u00e8re \u00e9tait tr\u00e8s content de r\u00e9v\u00e9ler une augmentation \u00ab\u00a0significative\u00a0\u00bb des exportations des dattes, en quantit\u00e9s, mais aussi en revenus. Le minist\u00e8re\u00a0a expliqu\u00e9 longuement les raisons de ce bond \u00ab\u00a0consid\u00e9rable\u00a0\u00bb des exportations qui ont renflou\u00e9 les caisses de l\u2019Etat. Le d\u00e9partement de l\u2019agriculture a soulign\u00e9 que\u00a0 cette avanc\u00e9e \u00e9tait due \u00e0 l\u2019augmentation des quotas orient\u00e9s vers les march\u00e9s classiques des dattes tunisiennes, en plus de l\u2019exploration de nouveaux march\u00e9s comme le\u00a0S\u00e9n\u00e9gal et Singapour.<\/p>\n<div class=\"code-block code-block-1 c3\"><ins class=\"adsbygoogle c2\" data-ad-layout=\"in-article\" data-ad-format=\"fluid\" data-ad-client=\"ca-pub-2102118777505746\" data-ad-slot=\"7301775417\"\/> <\/div>\n<p>En bref, bien que les quantit\u00e9s export\u00e9es n\u2019aient augment\u00e9 que de 5%, le minist\u00e8re de l\u2019Agriculture se r\u00e9jouit du fait que les recettes de ce march\u00e9 ont connu une hausse de 22.6%.<\/p>\n<p>N\u00e9anmoins,\u00a0\u00a0ce que le minist\u00e8re omet de pr\u00e9ciser c\u2019est qu\u2019il compte ses revenus en dinars tunisiens, alors que le bon sens veut que lorsqu\u2019on parle d\u2019exportations et de rentr\u00e9es de devises, on annonce les chiffres, justement, en devises. Mais \u00e7\u00e0 aurait mis, peut-\u00eatre, mal \u00e0 l\u2019aise le minist\u00e8re d\u2019avouer que les 22.6% d\u2019augmentation des recettes, se r\u00e9duisent \u00e0 presque rien en devises, si on prend en compte la d\u00e9valuation du Dinar\u00a0!<\/p>\n<div class=\"mvp-org-wrap mvp-org-logo\" itemprop=\"publisher\" itemscope=\"\" itemtype=\"https:\/\/schema.org\/Organization\"><img decoding=\"async\" src=\"https:\/\/www.tunisienumerique.com\/wp-content\/uploads\/2017\/02\/logo_tunisie_numerique.png\"\/><\/div>\n<div class=\"nc_socialPanel swp_flatFresh swp_d_fullColor swp_i_fullColor swp_o_fullColor scale-100 scale-fullWidth\" data-position=\"none\" data-float=\"floatNone\" data-count=\"5\" data-floatcolor=\"#ffffff\" data-emphasize=\"0\">\n<div class=\"nc_tweetContainer totes totesalt\" data-id=\"6\"><span class=\"swp_count\"><span class=\"swp_label\">Partages<\/span> 44<\/span><\/div>\n<\/div>\n<div class=\"mvp-related-posts left relative\">\n<h4 class=\"post-header\"><span class=\"post-header\">Lire aussi<\/span><\/h4>\n<\/div>\n<\/div>\n<p>Auteur: LM<br \/>\n<a href=\"https:\/\/www.tunisienumerique.com\/tunisie-exportations-pourquoi-nous-avance-t-on-toujours-des-chiffres-trompeurs\/\">Cliquez ici pour lire l&rsquo;article depuis sa source.<\/a><\/p>\n","protected":false},"excerpt":{"rendered":"<p>Partages 44 Le minist\u00e8re de l\u2019Agriculture a publi\u00e9 les r\u00e9sultats de son \u00ab\u00a0exploit\u00a0\u00bb pour la saison de l\u2019exportation des dattes. Le minist\u00e8re \u00e9tait tr\u00e8s content de r\u00e9v\u00e9ler une augmentation \u00ab\u00a0significative\u00a0\u00bb des exportations des dattes, en quantit\u00e9s, mais aussi en revenus. Le minist\u00e8re\u00a0a expliqu\u00e9 longuement les raisons de ce bond \u00ab\u00a0consid\u00e9rable\u00a0\u00bb des exportations qui ont renflou\u00e9 [&hellip;]<\/p>\n","protected":false},"author":1789,"featured_media":24228,"comment_status":"closed","ping_status":"closed","sticky":false,"template":"","format":"standard","meta":{"fifu_image_url":"","fifu_image_alt":"","footnotes":""},"categories":[73,55],"tags":[],"class_list":["post-24227","post","type-post","status-publish","format-standard","has-post-thumbnail","hentry","category-actualite","category-tunisie"],"_links":{"self":[{"href":"https:\/\/linitiative.ca\/International\/wp-json\/wp\/v2\/posts\/24227","targetHints":{"allow":["GET"]}}],"collection":[{"href":"https:\/\/linitiative.ca\/International\/wp-json\/wp\/v2\/posts"}],"about":[{"href":"https:\/\/linitiative.ca\/International\/wp-json\/wp\/v2\/types\/post"}],"author":[{"embeddable":true,"href":"https:\/\/linitiative.ca\/International\/wp-json\/wp\/v2\/users\/1789"}],"replies":[{"embeddable":true,"href":"https:\/\/linitiative.ca\/International\/wp-json\/wp\/v2\/comments?post=24227"}],"version-history":[{"count":0,"href":"https:\/\/linitiative.ca\/International\/wp-json\/wp\/v2\/posts\/24227\/revisions"}],"wp:featuredmedia":[{"embeddable":true,"href":"https:\/\/linitiative.ca\/International\/wp-json\/"}],"wp:attachment":[{"href":"https:\/\/linitiative.ca\/International\/wp-json\/wp\/v2\/media?parent=24227"}],"wp:term":[{"taxonomy":"category","embeddable":true,"href":"https:\/\/linitiative.ca\/International\/wp-json\/wp\/v2\/categories?post=24227"},{"taxonomy":"post_tag","embeddable":true,"href":"https:\/\/linitiative.ca\/International\/wp-json\/wp\/v2\/tags?post=24227"}],"curies":[{"name":"wp","href":"https:\/\/api.w.org\/{rel}","templated":true}]}}