{"id":24235,"date":"2019-03-26T16:12:42","date_gmt":"2019-03-26T20:12:42","guid":{"rendered":"https:\/\/linitiative.ca\/International\/tunisie-salma-baccar-demissionne-dal-massar\/"},"modified":"2019-03-26T16:12:42","modified_gmt":"2019-03-26T20:12:42","slug":"tunisie-salma-baccar-demissionne-dal-massar","status":"publish","type":"post","link":"https:\/\/linitiative.ca\/International\/tunisie-salma-baccar-demissionne-dal-massar\/","title":{"rendered":"Tunisie\u00a0: Salma Baccar d\u00e9missionne d\u2019Al Massar"},"content":{"rendered":"<div class=\"post-cont-in left relative\">\n<div class=\"nc_socialPanel swp_flatFresh swp_d_fullColor swp_i_fullColor swp_o_fullColor scale-100 scale-fullWidth\" data-position=\"none\" data-float=\"floatNone\" data-count=\"5\" data-floatcolor=\"#ffffff\" data-emphasize=\"0\">\n<div class=\"nc_tweetContainer totes totesalt\" data-id=\"6\"><span class=\"swp_count\"><span class=\"swp_label\">Partages<\/span> 61<\/span><\/div>\n<\/div>\n<p>La militante Salma Baccar vient d\u2019annoncer, via sa page Facebook, qu\u2019elle venait de d\u00e9poser sa d\u00e9mission du parti Al Massar.<\/p>\n<p>Salma Baccar n\u2019a pas r\u00e9v\u00e9l\u00e9 les raisons de son retrait, mais elle semble bien vouloir avoir plus de libert\u00e9 d\u2019action, de parole et d\u2019avis. Car elle a annonc\u00e9 que, dor\u00e9navant tout ce qu\u2019elle publiera sur sa page ne la repr\u00e9sente qu\u2019elle et non plus le parti auquel elle appartenait.<\/p>\n<div class=\"code-block code-block-1 c3\"><ins class=\"adsbygoogle c2\" data-ad-layout=\"in-article\" data-ad-format=\"fluid\" data-ad-client=\"ca-pub-2102118777505746\" data-ad-slot=\"7301775417\"\/> <\/div>\n<p><img loading=\"lazy\" decoding=\"async\" class=\"aligncenter size-full wp-image-424196\" src=\"https:\/\/www.tunisienumerique.com\/wp-content\/uploads\/2019\/03\/Salma-comm.jpg\" alt=\"\" width=\"532\" height=\"256\"\/><\/p>\n<div class=\"mvp-org-wrap mvp-org-logo\" itemprop=\"publisher\" itemscope=\"\" itemtype=\"https:\/\/schema.org\/Organization\"><img decoding=\"async\" src=\"https:\/\/www.tunisienumerique.com\/wp-content\/uploads\/2017\/02\/logo_tunisie_numerique.png\"\/><\/div>\n<div class=\"nc_socialPanel swp_flatFresh swp_d_fullColor swp_i_fullColor swp_o_fullColor scale-100 scale-fullWidth\" data-position=\"none\" data-float=\"floatNone\" data-count=\"5\" data-floatcolor=\"#ffffff\" data-emphasize=\"0\">\n<div class=\"nc_tweetContainer totes totesalt\" data-id=\"6\"><span class=\"swp_count\"><span class=\"swp_label\">Partages<\/span> 61<\/span><\/div>\n<\/div>\n<div class=\"mvp-related-posts left relative\">\n<h4 class=\"post-header\"><span class=\"post-header\">Lire aussi<\/span><\/h4>\n<\/div>\n<\/div>\n<p>Auteur: LM<br \/>\n<a href=\"https:\/\/www.tunisienumerique.com\/tunisie-salma-baccar-demissionne-dal-massar\/\">Cliquez ici pour lire l&rsquo;article depuis sa source.<\/a><\/p>\n","protected":false},"excerpt":{"rendered":"<p>Partages 61 La militante Salma Baccar vient d\u2019annoncer, via sa page Facebook, qu\u2019elle venait de d\u00e9poser sa d\u00e9mission du parti Al Massar. Salma Baccar n\u2019a pas r\u00e9v\u00e9l\u00e9 les raisons de son retrait, mais elle semble bien vouloir avoir plus de libert\u00e9 d\u2019action, de parole et d\u2019avis. Car elle a annonc\u00e9 que, dor\u00e9navant tout ce qu\u2019elle [&hellip;]<\/p>\n","protected":false},"author":1789,"featured_media":24236,"comment_status":"closed","ping_status":"closed","sticky":false,"template":"","format":"standard","meta":{"fifu_image_url":"","fifu_image_alt":"","footnotes":""},"categories":[73,55],"tags":[],"class_list":["post-24235","post","type-post","status-publish","format-standard","has-post-thumbnail","hentry","category-actualite","category-tunisie"],"_links":{"self":[{"href":"https:\/\/linitiative.ca\/International\/wp-json\/wp\/v2\/posts\/24235","targetHints":{"allow":["GET"]}}],"collection":[{"href":"https:\/\/linitiative.ca\/International\/wp-json\/wp\/v2\/posts"}],"about":[{"href":"https:\/\/linitiative.ca\/International\/wp-json\/wp\/v2\/types\/post"}],"author":[{"embeddable":true,"href":"https:\/\/linitiative.ca\/International\/wp-json\/wp\/v2\/users\/1789"}],"replies":[{"embeddable":true,"href":"https:\/\/linitiative.ca\/International\/wp-json\/wp\/v2\/comments?post=24235"}],"version-history":[{"count":0,"href":"https:\/\/linitiative.ca\/International\/wp-json\/wp\/v2\/posts\/24235\/revisions"}],"wp:featuredmedia":[{"embeddable":true,"href":"https:\/\/linitiative.ca\/International\/wp-json\/"}],"wp:attachment":[{"href":"https:\/\/linitiative.ca\/International\/wp-json\/wp\/v2\/media?parent=24235"}],"wp:term":[{"taxonomy":"category","embeddable":true,"href":"https:\/\/linitiative.ca\/International\/wp-json\/wp\/v2\/categories?post=24235"},{"taxonomy":"post_tag","embeddable":true,"href":"https:\/\/linitiative.ca\/International\/wp-json\/wp\/v2\/tags?post=24235"}],"curies":[{"name":"wp","href":"https:\/\/api.w.org\/{rel}","templated":true}]}}