{"id":24247,"date":"2019-03-26T17:35:25","date_gmt":"2019-03-26T21:35:25","guid":{"rendered":"https:\/\/linitiative.ca\/International\/projet-de-construction-de-laeroport-de-donsin-une-delegation-francaise-fait-le-point-au-premier-ministre\/"},"modified":"2019-03-26T17:35:25","modified_gmt":"2019-03-26T21:35:25","slug":"projet-de-construction-de-laeroport-de-donsin-une-delegation-francaise-fait-le-point-au-premier-ministre","status":"publish","type":"post","link":"https:\/\/linitiative.ca\/International\/projet-de-construction-de-laeroport-de-donsin-une-delegation-francaise-fait-le-point-au-premier-ministre\/","title":{"rendered":"Projet de construction de l\u2019a\u00e9roport de Donsin : Une d\u00e9l\u00e9gation fran\u00e7aise fait le point au Premier ministre"},"content":{"rendered":"<div class=\"td-post-featured-image\" readability=\"34\"><a href=\"https:\/\/i1.wp.com\/www.sidwaya.info\/wp-content\/uploads\/2019\/03\/donsin.jpg?fit=800%2C531&#038;ssl=1\" data-caption=\"Le Premier ministre, Christophe Joseph Marie Dabir\u00e9 (droite), a re\u00e7u une d\u00e9l\u00e9gation fran\u00e7aise.\"><img loading=\"lazy\" decoding=\"async\" width=\"696\" height=\"462\" class=\"entry-thumb td-modal-image\" src=\"https:\/\/i1.wp.com\/www.sidwaya.info\/wp-content\/uploads\/2019\/03\/donsin.jpg?resize=696%2C462&#038;ssl=1\" srcset=\"https:\/\/i1.wp.com\/www.sidwaya.info\/wp-content\/uploads\/2019\/03\/donsin.jpg?w=800&#038;ssl=1 800w, https:\/\/i1.wp.com\/www.sidwaya.info\/wp-content\/uploads\/2019\/03\/donsin.jpg?resize=300%2C199&#038;ssl=1 300w, https:\/\/i1.wp.com\/www.sidwaya.info\/wp-content\/uploads\/2019\/03\/donsin.jpg?resize=768%2C510&#038;ssl=1 768w, https:\/\/i1.wp.com\/www.sidwaya.info\/wp-content\/uploads\/2019\/03\/donsin.jpg?resize=696%2C462&#038;ssl=1 696w, https:\/\/i1.wp.com\/www.sidwaya.info\/wp-content\/uploads\/2019\/03\/donsin.jpg?resize=633%2C420&#038;ssl=1 633w\" sizes=\"auto, (max-width: 696px) 100vw, 696px\" alt=\"\" title=\"donsin\"\/><\/a>Le Premier ministre, Christophe Joseph Marie Dabir\u00e9 (droite), a re\u00e7u une d\u00e9l\u00e9gation fran\u00e7aise.<\/div>\n<div class=\"td-a-rec td-a-rec-id-content_top td_uid_30_5c9a9d4b12f34_rand td_block_template_1\"><img loading=\"lazy\" decoding=\"async\" class=\"aligncenter size-full wp-image-4463\" src=\"https:\/\/www.sidwaya.info\/wp-content\/uploads\/2019\/02\/FESPACO-TOUR-2019-Bannie%CC%80re-728x90-1.jpg\" alt=\"\" width=\"728\" height=\"90\"\/><\/div>\n<p><strong>Le Premier ministre, Christophe Joseph Marie Dabir\u00e9, s\u2019est entretenu avec une d\u00e9l\u00e9gation fran\u00e7aise sur le projet de construction de l\u2019a\u00e9roport de Donsin, le mardi 26 mars 2019 \u00e0 Ouagadougou.<\/strong><\/p>\n<p>Les n\u00e9gociations sur le financement du second volet du projet de construction de l\u2019a\u00e9roport de Donsin en l\u2019occurrence l\u2019a\u00e9rogare vont bon train. L\u2019information a \u00e9t\u00e9 donn\u00e9e par le consultant en entreprise et diplomatie, Jean F\u00e9lix Paganon, par ailleurs sp\u00e9cialiste du consortium fran\u00e7ais, \u00e0 sa sortie d\u2019audience avec le Premier ministre, Christophe Joseph Marie Dabir\u00e9, le mardi 26 mars 2019 \u00e0 Ouagadougou.<\/p>\n<p>A l\u2019entendre, il s\u2019agit d\u2019une r\u00e9union d\u2019\u00e9tape sur la construction de l\u2019a\u00e9roport de Donsin, une infrastructure essentielle au d\u00e9veloppement du Burkina Faso. \u00abNous sommes heureux de voir que le choix s\u2019est port\u00e9 sur notre entreprise pour les n\u00e9gociations exclusives. Nous esp\u00e9rons boucler le projet en juillet 2019 et signer le contrat\u00bb, a argu\u00e9 le diplomate. Et de poursuivre qu\u2019il est confiant, car tous les signaux sont ouverts.<\/p>\n<p>Il a aussi indiqu\u00e9 que sa structure s\u2019occupe actuellement des d\u00e9finitions des caract\u00e9ristiques techniques du futur terminal. \u00abUne pr\u00e9sentation sera faite en avril aux autorit\u00e9s burkinab\u00e8 avec pour objectif de parvenir \u00e0 un accord sur les sp\u00e9cifications et les descriptions techniques avant l\u2019\u00e9t\u00e9. Apr\u00e8s s\u2019engageront des discussions sur les modalit\u00e9s de financement\u00bb, a fait savoir M. Paganon.<\/p>\n<p>Pour l\u2019ambassadeur de la France au Burkina Faso, Xavier Lapyere de Cabanes, il est important de faire un compte rendu au premier ministre vu le bien-fond\u00e9 du dossier. Le Directeur g\u00e9n\u00e9ral (DG) de la Ma\u00eetrise d\u2019ouvrage de l\u2019a\u00e9roport de Donsin (MOAD), Hadama Ybia, a affirm\u00e9 que le projet est complexe avec un montage et un financement en partenariat public priv\u00e9.<\/p>\n<p>Il a tenu \u00e0 rappeler que les premi\u00e8res ann\u00e9es ont \u00e9t\u00e9 consacr\u00e9es aux d\u00e9placements des populations affect\u00e9es par la construction de l\u2019infrastructure. \u00abNous avons mis en place neuf sites pour les reloger et fait le d\u00e9dommagement n\u00e9cessaire \u00e0 environ 13 milliards F CFA inject\u00e9s par l\u2019Etat en 2016\u00bb, a-t-il affirm\u00e9. Et d\u2019ajouter que la r\u00e9alisation des travaux sur la plateforme a\u00e9roportuaire a d\u00e9marr\u00e9 en 2018. \u00abActuellement des activit\u00e9s de voirie d\u2019un co\u00fbt de 40 milliards F CFA sont entreprises sur le site de l\u2019a\u00e9roport\u00bb, a pr\u00e9cis\u00e9 M. Ybia.<\/p>\n<p class=\"c1\"><strong>Mariam SOMDA<\/strong><\/p>\n<div class=\"td-a-rec td-a-rec-id-content_bottom td_uid_31_5c9a9d4b131b8_rand td_block_template_1\"><img loading=\"lazy\" decoding=\"async\" class=\"alignright size-full wp-image-1724\" src=\"https:\/\/www.sidwaya.info\/wp-content\/uploads\/2018\/12\/sidwaya-pub.jpg\" alt=\"\" width=\"720\" height=\"90\"\/><\/div>\n<p>Auteur: JK. Sidwaya<br \/>\n<a href=\"https:\/\/www.sidwaya.info\/blog\/2019\/03\/26\/projet-de-construction-de-laeroport-de-donsin-une-delegation-francaise-fait-le-point-au-premier-ministre\/\">Cliquez ici pour lire l&rsquo;article depuis sa source.<\/a><\/p>\n","protected":false},"excerpt":{"rendered":"<p>Le Premier ministre, Christophe Joseph Marie Dabir\u00e9 (droite), a re\u00e7u une d\u00e9l\u00e9gation fran\u00e7aise. Le Premier ministre, Christophe Joseph Marie Dabir\u00e9, s\u2019est entretenu avec une d\u00e9l\u00e9gation fran\u00e7aise sur le projet de construction de l\u2019a\u00e9roport de Donsin, le mardi 26 mars 2019 \u00e0 Ouagadougou. Les n\u00e9gociations sur le financement du second volet du projet de construction de [&hellip;]<\/p>\n","protected":false},"author":1816,"featured_media":0,"comment_status":"closed","ping_status":"closed","sticky":false,"template":"","format":"standard","meta":{"fifu_image_url":"","fifu_image_alt":"","footnotes":""},"categories":[73,81],"tags":[],"class_list":["post-24247","post","type-post","status-publish","format-standard","hentry","category-actualite","category-burkina-faso"],"_links":{"self":[{"href":"https:\/\/linitiative.ca\/International\/wp-json\/wp\/v2\/posts\/24247","targetHints":{"allow":["GET"]}}],"collection":[{"href":"https:\/\/linitiative.ca\/International\/wp-json\/wp\/v2\/posts"}],"about":[{"href":"https:\/\/linitiative.ca\/International\/wp-json\/wp\/v2\/types\/post"}],"author":[{"embeddable":true,"href":"https:\/\/linitiative.ca\/International\/wp-json\/wp\/v2\/users\/1816"}],"replies":[{"embeddable":true,"href":"https:\/\/linitiative.ca\/International\/wp-json\/wp\/v2\/comments?post=24247"}],"version-history":[{"count":0,"href":"https:\/\/linitiative.ca\/International\/wp-json\/wp\/v2\/posts\/24247\/revisions"}],"wp:attachment":[{"href":"https:\/\/linitiative.ca\/International\/wp-json\/wp\/v2\/media?parent=24247"}],"wp:term":[{"taxonomy":"category","embeddable":true,"href":"https:\/\/linitiative.ca\/International\/wp-json\/wp\/v2\/categories?post=24247"},{"taxonomy":"post_tag","embeddable":true,"href":"https:\/\/linitiative.ca\/International\/wp-json\/wp\/v2\/tags?post=24247"}],"curies":[{"name":"wp","href":"https:\/\/api.w.org\/{rel}","templated":true}]}}