{"id":24248,"date":"2019-03-26T17:40:14","date_gmt":"2019-03-26T21:40:14","guid":{"rendered":"https:\/\/linitiative.ca\/International\/journee-des-volontaires-de-la-cedeao-sous-le-signe-de-la-promotion-de-la-paix\/"},"modified":"2019-03-26T17:40:14","modified_gmt":"2019-03-26T21:40:14","slug":"journee-des-volontaires-de-la-cedeao-sous-le-signe-de-la-promotion-de-la-paix","status":"publish","type":"post","link":"https:\/\/linitiative.ca\/International\/journee-des-volontaires-de-la-cedeao-sous-le-signe-de-la-promotion-de-la-paix\/","title":{"rendered":"Journ\u00e9e des volontaires de la CEDEAO : Sous le signe de la promotion  de la paix"},"content":{"rendered":"<div class=\"td-post-featured-image\" readability=\"40\"><a href=\"https:\/\/i2.wp.com\/www.sidwaya.info\/wp-content\/uploads\/2019\/03\/cedeao.jpg?fit=500%2C375&#038;ssl=1\" data-caption=\"\u00abPlus de 100 volontaires continuent de mettre leurs expertises au service du renforcement d\u2019une \u00e9ducation de qualit\u00e9, de la sant\u00e9, de l\u2019agriculture et de la s\u00e9curit\u00e9 alimentaire, de la consolidation de la paix et de la s\u00e9curit\u00e9 nationale\u00bb, le responsable du PVC, Francis Chuks Njoaguani (milieu).\"><img loading=\"lazy\" decoding=\"async\" width=\"500\" height=\"375\" class=\"entry-thumb td-modal-image\" src=\"https:\/\/i2.wp.com\/www.sidwaya.info\/wp-content\/uploads\/2019\/03\/cedeao.jpg?resize=500%2C375&#038;ssl=1\" srcset=\"https:\/\/i2.wp.com\/www.sidwaya.info\/wp-content\/uploads\/2019\/03\/cedeao.jpg?w=500&#038;ssl=1 500w, https:\/\/i2.wp.com\/www.sidwaya.info\/wp-content\/uploads\/2019\/03\/cedeao.jpg?resize=300%2C225&#038;ssl=1 300w, https:\/\/i2.wp.com\/www.sidwaya.info\/wp-content\/uploads\/2019\/03\/cedeao.jpg?resize=80%2C60&#038;ssl=1 80w, https:\/\/i2.wp.com\/www.sidwaya.info\/wp-content\/uploads\/2019\/03\/cedeao.jpg?resize=265%2C198&#038;ssl=1 265w\" sizes=\"auto, (max-width: 500px) 100vw, 500px\" alt=\"\" title=\"cedeao\"\/><\/a>\u00abPlus de 100 volontaires continuent de mettre leurs expertises au service du renforcement d\u2019une \u00e9ducation de qualit\u00e9, de la sant\u00e9, de l\u2019agriculture et de la s\u00e9curit\u00e9 alimentaire, de la consolidation de la paix et de la s\u00e9curit\u00e9 nationale\u00bb, le responsable du PVC, Francis Chuks Njoaguani (milieu).<\/div>\n<div class=\"td-a-rec td-a-rec-id-content_top td_uid_30_5c9a9d4e5bd66_rand td_block_template_1\"><img loading=\"lazy\" decoding=\"async\" class=\"aligncenter size-full wp-image-4463\" src=\"https:\/\/www.sidwaya.info\/wp-content\/uploads\/2019\/02\/FESPACO-TOUR-2019-Bannie%CC%80re-728x90-1.jpg\" alt=\"\" width=\"728\" height=\"90\"\/><\/div>\n<p><strong>Le Bureau r\u00e9gional du programme des volontaires de la CEDEAO a c\u00e9l\u00e9br\u00e9, le mardi 26 mars 2019 \u00e0 Ouagadougou, la Journ\u00e9e du volontaire de la CEDEAO.<\/strong><\/p>\n<p>A l\u2019occasion du 9e anniversaire du Programme des volontaires de la CEDEAO (PVC), le Bureau r\u00e9gional dudit programme a c\u00e9l\u00e9br\u00e9 la journ\u00e9e du volontaire de la CEDEAO. Les activit\u00e9s comm\u00e9moratives de ladite journ\u00e9e se sont d\u00e9roul\u00e9es, le mardi 26 mars 2019 \u00e0 l\u2019Universit\u00e9 de Ouagadougou Pr Joseph-Ki-Zerbo.<\/p>\n<p>Entre autres activit\u00e9s, une conf\u00e9rence suivie de d\u00e9bats sur le th\u00e8me central \u00ables volontaires de la CEDEAO pour la promotion de la paix et du d\u00e9veloppement\u00bb au profit des \u00e9tudiants. Selon le pr\u00e9sident suppl\u00e9ant du Conseil de coordination r\u00e9gional du PVC, Francis Chuks Njoaguani, c\u2019est la c\u00e9l\u00e9bration d\u2019un groupe de jeune dynamique d\u00e9termin\u00e9s \u00e0 marquer leur \u00e9poque de mani\u00e8re ind\u00e9l\u00e9bile.<\/p>\n<p>A savoir, acc\u00e9l\u00e9rer le d\u00e9veloppement r\u00e9gional par leur contribution d\u00e9sint\u00e9ress\u00e9e dans la r\u00e9gion de l\u2019Afrique de l\u2019Ouest. Et \u00able th\u00e8me n\u2019aurait pas pu \u00eatre plus adapt\u00e9 vu que partout, de la famille \u00e0 la communaut\u00e9 au niveau national comme mondial il y a quelqu\u2019un quelque part qui \u0153uvre pour la paix, la stabilit\u00e9, la s\u00e9curit\u00e9, la croissance, l\u2019\u00e9galit\u00e9, la justice, le d\u00e9veloppement, le savoir et surtout pr\u00e9server des vies\u00bb, a-t-il justifi\u00e9.<\/p>\n<p>Pour M. Njoaguani les actions spontan\u00e9es du programme au Liberia, en Sierra Leone et en Guin\u00e9e, ne sauraient \u00eatre soulign\u00e9es car, elles m\u00e9ritent toutes d\u2019\u00eatre c\u00e9l\u00e9br\u00e9es d\u2019autant plus qu\u2019elles portent l\u2019esprit d\u2019int\u00e9gration communautaire de la CEDEAO. A ses dires, le programme a \u00e9t\u00e9 cr\u00e9\u00e9 en 2004, et officiellement lanc\u00e9 en 2010 au Liberia.<\/p>\n<p>\u00abIl avait pour objectif premier d\u2019apporter un soutien aux pays qui traversaient une crise politique, tels le Liberia, la Sierra Leone, la Guin\u00e9e et la Guin\u00e9e Bissau\u00bb, a-t-il soulign\u00e9. Et de poursuivre que les premiers volontaires d\u00e9ploy\u00e9s au Lib\u00e9ria \u00e9taient essentiellement constitu\u00e9s de personnels de sant\u00e9 et de l\u2019enseignement mais aujourd\u2019hui les volontaires de la CEDEAO sont pr\u00e9sents dans tous les domaines.<\/p>\n<p>Pour lui, ils jouent un r\u00f4le tr\u00e8s important dans la consolidation de notre d\u00e9mocratie et int\u00e9gration r\u00e9gionale objectif premier du programme. Et le monde d\u2019aujourd\u2019hui est plus stable et plus s\u00fbr en partie gr\u00e2ce aux volontaires. Apr\u00e8s la phase-pilote qui a pris fin en 2016, le programme a \u00e9t\u00e9 \u00e9largi \u00e0 tous les quinze pays-membres de la CEDEAO.<\/p>\n<p>Aussi, en plus de garder la tranche de jeunesse comprise entre 18 et 35 ans, le recrutement des volontaires s\u2019est \u00e9largi jusqu\u2019\u00e0 la possibilit\u00e9 d\u2019avoir des personnes du troisi\u00e8me \u00e2ge o\u00f9 des retrait\u00e9s pourront revenir participer au d\u00e9veloppement de leur communaut\u00e9. \u00abNous avons d\u00e9ploy\u00e9 depuis le d\u00e9but du programme plus de 160 volontaires et actuellement nous avons encore pr\u00e8s de 100 en service au Liberia, en Sierra-Leone et au Burkina Faso\u00bb, a renseign\u00e9 le pr\u00e9sident suppl\u00e9ant.<\/p>\n<p>Les volontaires de la CEDEAO peuvent \u00eatre des \u00e9tudiants comme des professionnels comme tout jeune. Ils ont pour r\u00f4le d\u2019apporter un appui non seulement \u00e0 leur structure d\u2019accueil mais aussi dans les communaut\u00e9s o\u00f9 ils vivent en apportant leur appui professionnel, a-t-il dit. Pour sa part le vice-pr\u00e9sident de l\u2019UO I JKZ, Pr Allou Keita, a appr\u00e9ci\u00e9 la tenue de cette journ\u00e9e dans leurs enceintes.<\/p>\n<p>\u00abCette activit\u00e9 de la CEDEAO entre dans nos pr\u00e9rogatives au sens qu\u2019elle est une occasion pour nous d\u2019informer les \u00e9tudiants sur les opportunit\u00e9s qui existent en la mati\u00e8re parce que nous ne nous contentons pas uniquement de former mais nous nous pr\u00e9occupons \u00e9galement de l\u2019insertion professionnelle de nos dipl\u00f4m\u00e9s\u00bb, a indiqu\u00e9 le professeur.<\/p>\n<p class=\"c1\"><strong>Kadi RABO<\/strong><\/p>\n<div class=\"td-a-rec td-a-rec-id-content_bottom td_uid_31_5c9a9d4e5c01e_rand td_block_template_1\"><img loading=\"lazy\" decoding=\"async\" class=\"alignright size-full wp-image-1724\" src=\"https:\/\/www.sidwaya.info\/wp-content\/uploads\/2018\/12\/sidwaya-pub.jpg\" alt=\"\" width=\"720\" height=\"90\"\/><\/div>\n<p>Auteur: JK. Sidwaya<br \/>\n<a href=\"https:\/\/www.sidwaya.info\/blog\/2019\/03\/26\/journee-des-volontaires-de-la-cedeao-sous-le-signe-de-la-promotion-de-la-paix\/\">Cliquez ici pour lire l&rsquo;article depuis sa source.<\/a><\/p>\n","protected":false},"excerpt":{"rendered":"<p>\u00abPlus de 100 volontaires continuent de mettre leurs expertises au service du renforcement d\u2019une \u00e9ducation de qualit\u00e9, de la sant\u00e9, de l\u2019agriculture et de la s\u00e9curit\u00e9 alimentaire, de la consolidation de la paix et de la s\u00e9curit\u00e9 nationale\u00bb, le responsable du PVC, Francis Chuks Njoaguani (milieu). Le Bureau r\u00e9gional du programme des volontaires de la [&hellip;]<\/p>\n","protected":false},"author":1816,"featured_media":0,"comment_status":"closed","ping_status":"closed","sticky":false,"template":"","format":"standard","meta":{"fifu_image_url":"","fifu_image_alt":"","footnotes":""},"categories":[73,81],"tags":[],"class_list":["post-24248","post","type-post","status-publish","format-standard","hentry","category-actualite","category-burkina-faso"],"_links":{"self":[{"href":"https:\/\/linitiative.ca\/International\/wp-json\/wp\/v2\/posts\/24248","targetHints":{"allow":["GET"]}}],"collection":[{"href":"https:\/\/linitiative.ca\/International\/wp-json\/wp\/v2\/posts"}],"about":[{"href":"https:\/\/linitiative.ca\/International\/wp-json\/wp\/v2\/types\/post"}],"author":[{"embeddable":true,"href":"https:\/\/linitiative.ca\/International\/wp-json\/wp\/v2\/users\/1816"}],"replies":[{"embeddable":true,"href":"https:\/\/linitiative.ca\/International\/wp-json\/wp\/v2\/comments?post=24248"}],"version-history":[{"count":0,"href":"https:\/\/linitiative.ca\/International\/wp-json\/wp\/v2\/posts\/24248\/revisions"}],"wp:attachment":[{"href":"https:\/\/linitiative.ca\/International\/wp-json\/wp\/v2\/media?parent=24248"}],"wp:term":[{"taxonomy":"category","embeddable":true,"href":"https:\/\/linitiative.ca\/International\/wp-json\/wp\/v2\/categories?post=24248"},{"taxonomy":"post_tag","embeddable":true,"href":"https:\/\/linitiative.ca\/International\/wp-json\/wp\/v2\/tags?post=24248"}],"curies":[{"name":"wp","href":"https:\/\/api.w.org\/{rel}","templated":true}]}}