{"id":24314,"date":"2019-03-26T19:09:22","date_gmt":"2019-03-26T23:09:22","guid":{"rendered":"https:\/\/linitiative.ca\/International\/le-maroc-croit-en-le-potentiel-de-laugmentation-des-echanges-en-afrique-benchaaboun\/"},"modified":"2019-03-26T19:09:22","modified_gmt":"2019-03-26T23:09:22","slug":"le-maroc-croit-en-le-potentiel-de-laugmentation-des-echanges-en-afrique-benchaaboun","status":"publish","type":"post","link":"https:\/\/linitiative.ca\/International\/le-maroc-croit-en-le-potentiel-de-laugmentation-des-echanges-en-afrique-benchaaboun\/","title":{"rendered":"Le Maroc croit en le potentiel de l\u2019augmentation des \u00e9changes en Afrique (Bencha\u00e2boun)"},"content":{"rendered":"<p><iframe loading=\"lazy\" width=\"1170\" height=\"658\" src=\"https:\/\/www.youtube.com\/embed\/trPw7rBQm3k?feature=oembed\" frameborder=\"0\" allow=\"accelerometer; autoplay; encrypted-media; gyroscope; picture-in-picture\" allowfullscreen=\"\">[embedded content]<\/iframe><\/p>\n<div class=\"post-header-inner\">\n<div class=\"post-header-title\">\n<p>\n\t\t\t\t<span class=\"time\"><time class=\"post-published updated\" datetime=\"2019-03-26T23:09:22+00:00\"><b><b> 26 mars 2019  <\/b> <\/b><\/time><\/span>\n\t\t\t<\/p>\n<\/p><\/div>\n<\/p><\/div>\n<div class=\"single-post-excerpt post-excerpt-bc\" readability=\"38\">\n<p>Le Maroc croit en le potentiel de l\u2019augmentation des \u00e9changes sur le continent africain et en co-d\u00e9veloppement dans divers secteurs, a soulign\u00e9, \u00e0 Marrakech, le ministre de l\u2019Economie et des finances, Mohamed Bencha\u00e2boun.<\/p>\n<\/div>\n<p>Auteur: Meriem IGASS<br \/>\n<a href=\"http:\/\/www.mapmarrakech.ma\/fr\/le-maroc-croit-en-le-potentiel-de-laugmentation-des-echanges-en-afrique-benchaaboun-2\/\">Cliquez ici pour lire l&rsquo;article depuis sa source.<\/a><\/p>\n","protected":false},"excerpt":{"rendered":"<p>[embedded content] 26 mars 2019 Le Maroc croit en le potentiel de l\u2019augmentation des \u00e9changes sur le continent africain et en co-d\u00e9veloppement dans divers secteurs, a soulign\u00e9, \u00e0 Marrakech, le ministre de l\u2019Economie et des finances, Mohamed Bencha\u00e2boun. Auteur: Meriem IGASS Cliquez ici pour lire l&rsquo;article depuis sa source.<\/p>\n","protected":false},"author":1788,"featured_media":0,"comment_status":"closed","ping_status":"closed","sticky":false,"template":"","format":"standard","meta":{"fifu_image_url":"","fifu_image_alt":"","footnotes":""},"categories":[54,76],"tags":[],"class_list":["post-24314","post","type-post","status-publish","format-standard","hentry","category-maroc","category-regions"],"_links":{"self":[{"href":"https:\/\/linitiative.ca\/International\/wp-json\/wp\/v2\/posts\/24314","targetHints":{"allow":["GET"]}}],"collection":[{"href":"https:\/\/linitiative.ca\/International\/wp-json\/wp\/v2\/posts"}],"about":[{"href":"https:\/\/linitiative.ca\/International\/wp-json\/wp\/v2\/types\/post"}],"author":[{"embeddable":true,"href":"https:\/\/linitiative.ca\/International\/wp-json\/wp\/v2\/users\/1788"}],"replies":[{"embeddable":true,"href":"https:\/\/linitiative.ca\/International\/wp-json\/wp\/v2\/comments?post=24314"}],"version-history":[{"count":0,"href":"https:\/\/linitiative.ca\/International\/wp-json\/wp\/v2\/posts\/24314\/revisions"}],"wp:attachment":[{"href":"https:\/\/linitiative.ca\/International\/wp-json\/wp\/v2\/media?parent=24314"}],"wp:term":[{"taxonomy":"category","embeddable":true,"href":"https:\/\/linitiative.ca\/International\/wp-json\/wp\/v2\/categories?post=24314"},{"taxonomy":"post_tag","embeddable":true,"href":"https:\/\/linitiative.ca\/International\/wp-json\/wp\/v2\/tags?post=24314"}],"curies":[{"name":"wp","href":"https:\/\/api.w.org\/{rel}","templated":true}]}}