{"id":24315,"date":"2019-03-26T19:17:49","date_gmt":"2019-03-26T23:17:49","guid":{"rendered":"https:\/\/linitiative.ca\/International\/marrakech-m-bourita-sentretient-avec-la-ministre-deleguee-chargee-de-lintegration-africaine\/"},"modified":"2019-03-26T19:17:49","modified_gmt":"2019-03-26T23:17:49","slug":"marrakech-m-bourita-sentretient-avec-la-ministre-deleguee-chargee-de-lintegration-africaine","status":"publish","type":"post","link":"https:\/\/linitiative.ca\/International\/marrakech-m-bourita-sentretient-avec-la-ministre-deleguee-chargee-de-lintegration-africaine\/","title":{"rendered":"Marrakech : M. Bourita s\u2019entretient avec la ministre d\u00e9l\u00e9gu\u00e9e charg\u00e9e de l\u2019Int\u00e9gration africaine"},"content":{"rendered":"<p><iframe loading=\"lazy\" width=\"1170\" height=\"658\" src=\"https:\/\/www.youtube.com\/embed\/uCgFsrQTPPU?feature=oembed\" frameborder=\"0\" allow=\"accelerometer; autoplay; encrypted-media; gyroscope; picture-in-picture\" allowfullscreen=\"\">[embedded content]<\/iframe><\/p>\n<div class=\"single-post-excerpt post-excerpt-bc\" readability=\"38\">\n<p>La ministre d\u00e9l\u00e9gu\u00e9e charg\u00e9e de l\u2019Int\u00e9gration africaine et des Nig\u00e9riens \u00e0 l\u2019ext\u00e9rieur, Mme Bala Goga Salamatou, a f\u00e9licit\u00e9 le Maroc pour la r\u00e9ussite de la Conf\u00e9rence minist\u00e9rielle africaine sur l\u2019appui de l\u2019Union Africaine au processus politique des Nations Unies sur le diff\u00e9rend r\u00e9gional au sujet du Sahara marocain, qui s\u2019est tenue lundi \u00e0 Marrakech avec la participation de 37 pays africains issus des cinq sous-r\u00e9gions du Continent.<\/p>\n<\/div>\n<p>Auteur: Meriem IGASS<br \/>\n<a href=\"http:\/\/www.mapmarrakech.ma\/fr\/marrakech-m-bourita-sentretient-avec-la-ministre-deleguee-chargee-de-lintegration-africaine\/\">Cliquez ici pour lire l&rsquo;article depuis sa source.<\/a><\/p>\n","protected":false},"excerpt":{"rendered":"<p>[embedded content] La ministre d\u00e9l\u00e9gu\u00e9e charg\u00e9e de l\u2019Int\u00e9gration africaine et des Nig\u00e9riens \u00e0 l\u2019ext\u00e9rieur, Mme Bala Goga Salamatou, a f\u00e9licit\u00e9 le Maroc pour la r\u00e9ussite de la Conf\u00e9rence minist\u00e9rielle africaine sur l\u2019appui de l\u2019Union Africaine au processus politique des Nations Unies sur le diff\u00e9rend r\u00e9gional au sujet du Sahara marocain, qui s\u2019est tenue lundi \u00e0 [&hellip;]<\/p>\n","protected":false},"author":1788,"featured_media":0,"comment_status":"closed","ping_status":"closed","sticky":false,"template":"","format":"standard","meta":{"fifu_image_url":"","fifu_image_alt":"","footnotes":""},"categories":[54,76],"tags":[],"class_list":["post-24315","post","type-post","status-publish","format-standard","hentry","category-maroc","category-regions"],"_links":{"self":[{"href":"https:\/\/linitiative.ca\/International\/wp-json\/wp\/v2\/posts\/24315","targetHints":{"allow":["GET"]}}],"collection":[{"href":"https:\/\/linitiative.ca\/International\/wp-json\/wp\/v2\/posts"}],"about":[{"href":"https:\/\/linitiative.ca\/International\/wp-json\/wp\/v2\/types\/post"}],"author":[{"embeddable":true,"href":"https:\/\/linitiative.ca\/International\/wp-json\/wp\/v2\/users\/1788"}],"replies":[{"embeddable":true,"href":"https:\/\/linitiative.ca\/International\/wp-json\/wp\/v2\/comments?post=24315"}],"version-history":[{"count":0,"href":"https:\/\/linitiative.ca\/International\/wp-json\/wp\/v2\/posts\/24315\/revisions"}],"wp:attachment":[{"href":"https:\/\/linitiative.ca\/International\/wp-json\/wp\/v2\/media?parent=24315"}],"wp:term":[{"taxonomy":"category","embeddable":true,"href":"https:\/\/linitiative.ca\/International\/wp-json\/wp\/v2\/categories?post=24315"},{"taxonomy":"post_tag","embeddable":true,"href":"https:\/\/linitiative.ca\/International\/wp-json\/wp\/v2\/tags?post=24315"}],"curies":[{"name":"wp","href":"https:\/\/api.w.org\/{rel}","templated":true}]}}