{"id":24316,"date":"2019-03-26T19:28:03","date_gmt":"2019-03-26T23:28:03","guid":{"rendered":"https:\/\/linitiative.ca\/International\/sahara-marocain-sao-tome-continuera-a-se-positionner-au-cote-du-maroc-dans-sa-cause-juste\/"},"modified":"2019-03-26T19:28:03","modified_gmt":"2019-03-26T23:28:03","slug":"sahara-marocain-sao-tome-continuera-a-se-positionner-au-cote-du-maroc-dans-sa-cause-juste","status":"publish","type":"post","link":"https:\/\/linitiative.ca\/International\/sahara-marocain-sao-tome-continuera-a-se-positionner-au-cote-du-maroc-dans-sa-cause-juste\/","title":{"rendered":"Sahara marocain : Sao Tom\u00e9 continuera \u00e0 se positionner au c\u00f4t\u00e9 du Maroc dans sa cause juste"},"content":{"rendered":"<p><iframe loading=\"lazy\" width=\"1170\" height=\"658\" src=\"https:\/\/www.youtube.com\/embed\/brYmzmN82tY?feature=oembed\" frameborder=\"0\" allow=\"accelerometer; autoplay; encrypted-media; gyroscope; picture-in-picture\" allowfullscreen=\"\">[embedded content]<\/iframe><\/p>\n<div class=\"single-post-excerpt post-excerpt-bc\" readability=\"40\">\n<p>La R\u00e9publique de Sao Tom\u00e9-et-Principe continuera \u00e0 se positionner au c\u00f4t\u00e9 du Maroc dans sa d\u00e9fense de sa cause juste, a affirm\u00e9, lundi \u00e0 Marrakech, Mme Elsa Maria Neto d\u2019Alva Texeira de Barros Pinto, ministre des Affaires \u00e9trang\u00e8res de ce pays africain, qui a pris part \u00e0 la Conf\u00e9rence minist\u00e9rielle sur l\u2019appui de l\u2019Union Africaine au processus politique des Nations Unies sur le diff\u00e9rend r\u00e9gional au sujet du Sahara marocain.<\/p>\n<\/div>\n<p>Auteur: Meriem IGASS<br \/>\n<a href=\"http:\/\/www.mapmarrakech.ma\/fr\/sahara-marocain-sao-tome-continuera-a-se-positionner-au-cote-du-maroc-dans-sa-cause-juste\/\">Cliquez ici pour lire l&rsquo;article depuis sa source.<\/a><\/p>\n","protected":false},"excerpt":{"rendered":"<p>[embedded content] La R\u00e9publique de Sao Tom\u00e9-et-Principe continuera \u00e0 se positionner au c\u00f4t\u00e9 du Maroc dans sa d\u00e9fense de sa cause juste, a affirm\u00e9, lundi \u00e0 Marrakech, Mme Elsa Maria Neto d\u2019Alva Texeira de Barros Pinto, ministre des Affaires \u00e9trang\u00e8res de ce pays africain, qui a pris part \u00e0 la Conf\u00e9rence minist\u00e9rielle sur l\u2019appui de [&hellip;]<\/p>\n","protected":false},"author":1788,"featured_media":0,"comment_status":"closed","ping_status":"closed","sticky":false,"template":"","format":"standard","meta":{"fifu_image_url":"","fifu_image_alt":"","footnotes":""},"categories":[54,76],"tags":[],"class_list":["post-24316","post","type-post","status-publish","format-standard","hentry","category-maroc","category-regions"],"_links":{"self":[{"href":"https:\/\/linitiative.ca\/International\/wp-json\/wp\/v2\/posts\/24316","targetHints":{"allow":["GET"]}}],"collection":[{"href":"https:\/\/linitiative.ca\/International\/wp-json\/wp\/v2\/posts"}],"about":[{"href":"https:\/\/linitiative.ca\/International\/wp-json\/wp\/v2\/types\/post"}],"author":[{"embeddable":true,"href":"https:\/\/linitiative.ca\/International\/wp-json\/wp\/v2\/users\/1788"}],"replies":[{"embeddable":true,"href":"https:\/\/linitiative.ca\/International\/wp-json\/wp\/v2\/comments?post=24316"}],"version-history":[{"count":0,"href":"https:\/\/linitiative.ca\/International\/wp-json\/wp\/v2\/posts\/24316\/revisions"}],"wp:attachment":[{"href":"https:\/\/linitiative.ca\/International\/wp-json\/wp\/v2\/media?parent=24316"}],"wp:term":[{"taxonomy":"category","embeddable":true,"href":"https:\/\/linitiative.ca\/International\/wp-json\/wp\/v2\/categories?post=24316"},{"taxonomy":"post_tag","embeddable":true,"href":"https:\/\/linitiative.ca\/International\/wp-json\/wp\/v2\/tags?post=24316"}],"curies":[{"name":"wp","href":"https:\/\/api.w.org\/{rel}","templated":true}]}}