{"id":24317,"date":"2019-03-26T19:33:55","date_gmt":"2019-03-26T23:33:55","guid":{"rendered":"https:\/\/linitiative.ca\/International\/2e-session-de-la-commission-mixte-maroc-liberia-signature-de-plusieurs-accords-de-cooperation\/"},"modified":"2019-03-26T19:33:55","modified_gmt":"2019-03-26T23:33:55","slug":"2e-session-de-la-commission-mixte-maroc-liberia-signature-de-plusieurs-accords-de-cooperation","status":"publish","type":"post","link":"https:\/\/linitiative.ca\/International\/2e-session-de-la-commission-mixte-maroc-liberia-signature-de-plusieurs-accords-de-cooperation\/","title":{"rendered":"2\u00e8 session de la Commission mixte Maroc-Lib\u00e9ria : Signature de plusieurs accords de coop\u00e9ration"},"content":{"rendered":"<p><iframe loading=\"lazy\" width=\"1170\" height=\"658\" src=\"https:\/\/www.youtube.com\/embed\/Eeljg-k76a4?feature=oembed\" frameborder=\"0\" allow=\"accelerometer; autoplay; encrypted-media; gyroscope; picture-in-picture\" allowfullscreen=\"\">[embedded content]<\/iframe><\/p>\n<div class=\"single-post-excerpt post-excerpt-bc\" readability=\"41\">\n<p>Plusieurs accords de coop\u00e9ration ont \u00e9t\u00e9 sign\u00e9s lundi, \u00e0 Marrakech, lors de la 2\u00e8 session de la Grande Commission mixte de coop\u00e9ration Maroc-Lib\u00e9ria, co-pr\u00e9sid\u00e9e par le ministre des Affaires \u00e9trang\u00e8res et de la Coop\u00e9ration Internationale, M. Nasser Bourita, et son homologue lib\u00e9rien, Gbehzohngar Milton Findley.<\/p>\n<\/div>\n<p>Auteur: Meriem IGASS<br \/>\n<a href=\"http:\/\/www.mapmarrakech.ma\/fr\/2e-session-de-la-commission-mixte-maroc-liberia-signature-de-plusieurs-accords-de-cooperation-2\/\">Cliquez ici pour lire l&rsquo;article depuis sa source.<\/a><\/p>\n","protected":false},"excerpt":{"rendered":"<p>[embedded content] Plusieurs accords de coop\u00e9ration ont \u00e9t\u00e9 sign\u00e9s lundi, \u00e0 Marrakech, lors de la 2\u00e8 session de la Grande Commission mixte de coop\u00e9ration Maroc-Lib\u00e9ria, co-pr\u00e9sid\u00e9e par le ministre des Affaires \u00e9trang\u00e8res et de la Coop\u00e9ration Internationale, M. Nasser Bourita, et son homologue lib\u00e9rien, Gbehzohngar Milton Findley. Auteur: Meriem IGASS Cliquez ici pour lire l&rsquo;article [&hellip;]<\/p>\n","protected":false},"author":1788,"featured_media":0,"comment_status":"closed","ping_status":"closed","sticky":false,"template":"","format":"standard","meta":{"fifu_image_url":"","fifu_image_alt":"","footnotes":""},"categories":[54,76],"tags":[],"class_list":["post-24317","post","type-post","status-publish","format-standard","hentry","category-maroc","category-regions"],"_links":{"self":[{"href":"https:\/\/linitiative.ca\/International\/wp-json\/wp\/v2\/posts\/24317","targetHints":{"allow":["GET"]}}],"collection":[{"href":"https:\/\/linitiative.ca\/International\/wp-json\/wp\/v2\/posts"}],"about":[{"href":"https:\/\/linitiative.ca\/International\/wp-json\/wp\/v2\/types\/post"}],"author":[{"embeddable":true,"href":"https:\/\/linitiative.ca\/International\/wp-json\/wp\/v2\/users\/1788"}],"replies":[{"embeddable":true,"href":"https:\/\/linitiative.ca\/International\/wp-json\/wp\/v2\/comments?post=24317"}],"version-history":[{"count":0,"href":"https:\/\/linitiative.ca\/International\/wp-json\/wp\/v2\/posts\/24317\/revisions"}],"wp:attachment":[{"href":"https:\/\/linitiative.ca\/International\/wp-json\/wp\/v2\/media?parent=24317"}],"wp:term":[{"taxonomy":"category","embeddable":true,"href":"https:\/\/linitiative.ca\/International\/wp-json\/wp\/v2\/categories?post=24317"},{"taxonomy":"post_tag","embeddable":true,"href":"https:\/\/linitiative.ca\/International\/wp-json\/wp\/v2\/tags?post=24317"}],"curies":[{"name":"wp","href":"https:\/\/api.w.org\/{rel}","templated":true}]}}