{"id":24326,"date":"2019-03-27T11:39:19","date_gmt":"2019-03-27T15:39:19","guid":{"rendered":"https:\/\/linitiative.ca\/International\/oujda-la-transformation-digitale-au-centre-de-la-8eme-edition-du-forum-ensao-entreprises\/"},"modified":"2019-03-27T11:39:19","modified_gmt":"2019-03-27T15:39:19","slug":"oujda-la-transformation-digitale-au-centre-de-la-8eme-edition-du-forum-ensao-entreprises","status":"publish","type":"post","link":"https:\/\/linitiative.ca\/International\/oujda-la-transformation-digitale-au-centre-de-la-8eme-edition-du-forum-ensao-entreprises\/","title":{"rendered":"Oujda: La transformation digitale au centre de la 8\u00e8me \u00e9dition du Forum ENSAO Entreprises"},"content":{"rendered":"<p><iframe loading=\"lazy\" width=\"1170\" height=\"658\" src=\"https:\/\/www.youtube.com\/embed\/5mEfPRvAbPw?feature=oembed\" frameborder=\"0\" allow=\"accelerometer; autoplay; encrypted-media; gyroscope; picture-in-picture\" allowfullscreen=\"\">[embedded content]<\/iframe><\/p>\n<div class=\"post-header-inner\">\n<div class=\"post-header-title\">\n<p>\n\t\t\t\t<span class=\"time\"><time class=\"post-published updated\" datetime=\"2019-03-27T16:39:19+00:00\"><b><b> 27 mars 2019 <\/b> <\/b><\/time><\/span>\n\t\t\t<\/p>\n<\/p><\/div>\n<\/p><\/div>\n<div class=\"single-post-excerpt post-excerpt-bc\" readability=\"35\">\n<p>La transformation digitale a \u00e9t\u00e9 au centre de la 8\u00e9me \u00e9dition du Forum de l\u2019Ecole nationale des sciences appliqu\u00e9es d\u2019Oujda (ENSAO) organis\u00e9e, sous le th\u00e8me \u00ab\u00a0Le digital: un \u00e9lan pour les m\u00e9tiers de l\u2019avenir\u00a0\u00bb.<\/p>\n<\/div>\n<p>Auteur: Soufiane ELAHMAR<br \/>\n<a href=\"http:\/\/www.mapoujda.ma\/fr\/oujda-la-transformation-digitale-au-centre-de-la-8eme-edition-du-forum-ensao-entreprises\/\">Cliquez ici pour lire l&rsquo;article depuis sa source.<\/a><\/p>\n","protected":false},"excerpt":{"rendered":"<p>[embedded content] 27 mars 2019 La transformation digitale a \u00e9t\u00e9 au centre de la 8\u00e9me \u00e9dition du Forum de l\u2019Ecole nationale des sciences appliqu\u00e9es d\u2019Oujda (ENSAO) organis\u00e9e, sous le th\u00e8me \u00ab\u00a0Le digital: un \u00e9lan pour les m\u00e9tiers de l\u2019avenir\u00a0\u00bb. Auteur: Soufiane ELAHMAR Cliquez ici pour lire l&rsquo;article depuis sa source.<\/p>\n","protected":false},"author":1788,"featured_media":0,"comment_status":"closed","ping_status":"closed","sticky":false,"template":"","format":"standard","meta":{"fifu_image_url":"","fifu_image_alt":"","footnotes":""},"categories":[54,76],"tags":[],"class_list":["post-24326","post","type-post","status-publish","format-standard","hentry","category-maroc","category-regions"],"_links":{"self":[{"href":"https:\/\/linitiative.ca\/International\/wp-json\/wp\/v2\/posts\/24326","targetHints":{"allow":["GET"]}}],"collection":[{"href":"https:\/\/linitiative.ca\/International\/wp-json\/wp\/v2\/posts"}],"about":[{"href":"https:\/\/linitiative.ca\/International\/wp-json\/wp\/v2\/types\/post"}],"author":[{"embeddable":true,"href":"https:\/\/linitiative.ca\/International\/wp-json\/wp\/v2\/users\/1788"}],"replies":[{"embeddable":true,"href":"https:\/\/linitiative.ca\/International\/wp-json\/wp\/v2\/comments?post=24326"}],"version-history":[{"count":0,"href":"https:\/\/linitiative.ca\/International\/wp-json\/wp\/v2\/posts\/24326\/revisions"}],"wp:attachment":[{"href":"https:\/\/linitiative.ca\/International\/wp-json\/wp\/v2\/media?parent=24326"}],"wp:term":[{"taxonomy":"category","embeddable":true,"href":"https:\/\/linitiative.ca\/International\/wp-json\/wp\/v2\/categories?post=24326"},{"taxonomy":"post_tag","embeddable":true,"href":"https:\/\/linitiative.ca\/International\/wp-json\/wp\/v2\/tags?post=24326"}],"curies":[{"name":"wp","href":"https:\/\/api.w.org\/{rel}","templated":true}]}}