{"id":24356,"date":"2019-03-27T15:14:12","date_gmt":"2019-03-27T19:14:12","guid":{"rendered":"https:\/\/linitiative.ca\/International\/ligue-1-2-csc-le-coach-ecarte-arouna-aroussi-et-belmokhtar\/"},"modified":"2019-03-27T15:14:12","modified_gmt":"2019-03-27T19:14:12","slug":"ligue-1-2-csc-le-coach-ecarte-arouna-aroussi-et-belmokhtar","status":"publish","type":"post","link":"https:\/\/linitiative.ca\/International\/ligue-1-2-csc-le-coach-ecarte-arouna-aroussi-et-belmokhtar\/","title":{"rendered":"Ligue 1 &amp; 2 : CSC : Le coach \u00e9carte Arouna, Aroussi et Belmokhtar"},"content":{"rendered":"<div readability=\"32\">\n<p>Auteur : <span>Hamza S.<\/span> <span class=\"time\">mercredi 27 mars 2019 11:25<\/span><\/p>\n<\/div>\n<div id=\"post_core\" readability=\"63\">\n<p>Le premier responsable de la barre technique Denis Lavagne a choisi les \u00e9l\u00e9ments qui effectueront le voyage aujourd\u2019hui \u00e0 Oran. Trois joueurs et non des moindres n\u2019ont pas \u00e9t\u00e9 retenus. Il s\u2019agit des attaquants Belmokhtar et Arouna et du d\u00e9fenseur Aroussi. Des choix \u00e0 ne pas discuter pour le coach qui a estim\u00e9 qu\u2019ils ne sont pas au top pour prendre part \u00e0 ce rendez-vous. L\u2019attaquant camerounais Arouna Dang n\u2019est pas retenu dans la liste des 18 par l\u2019entraineur qui a jug\u00e9 utile de prendre un autre joueur \u00e0 sa place pour ce match retour de la Coupe d\u2019Alg\u00e9rie face au MC Oran. Dang Arouna qui n\u2019a pas donn\u00e9 satisfaction depuis son arriv\u00e9e cet hiver au CSC est hors des plans de Lavagne pour ce rendez-vous. D\u2019ailleurs, il compte ne pas le convoquer pour les prochains matchs s\u2019il ne travaille pas davantage pour servir l\u2019\u00e9quipe. M\u00eame le manager g\u00e9n\u00e9ral Tarek Arama est d\u00e9\u00e7u des prestations d\u2019Arouna Dang et il aura une discussion avec lui apr\u00e8s cette rencontre pour \u00e9voquer son avenir.<br \/><strong>Djabout, Abid et Benkouider avec le groupe<\/strong><br \/>Par ailleurs pour ce match retour des \u00bc de finale, le driver du CSC a fait appel aux services du jeune Benkouider et des revenants Djabout et Abid r\u00e9tablis tous les deux de blessures. Ces deux derniers seront align\u00e9s contre le MCO, mais reste \u00e0 savoir si le coach va les incorporer d\u2019entr\u00e9e ou comme rempla\u00e7ants. Benkouider devra jouer d\u2019entr\u00e9e pour la deuxi\u00e8me fois apr\u00e8s sa titularisation face \u00e0 Bouga\u00e2 dans la m\u00eame comp\u00e9tition.<br \/><strong>D\u00e9part \u00e0 midi pour Oran<\/strong><br \/>Les co\u00e9quipiers de Bencherifa s\u2019envoleront aujourd\u2019hui de l\u2019a\u00e9roport Mohamed-Boudiaf de Constantine \u00e0 destination d\u2019Oran. C\u2019est sur un vol direct de la compagnie a\u00e9rienne d\u2019Air Alg\u00e9rie que la d\u00e9l\u00e9gation du CSC rejoindra l\u2019a\u00e9roport d\u2019Es-Sania d\u2019Oran. Le vol est pr\u00e9vu \u00e0 midi de Constantine. Les poulains de Lavagne s\u2019entra\u00eeneront pour la derni\u00e8re foid cet apr\u00e8s-midi au stade d\u2019El Kerma d\u2019Oran. Une s\u00e9ance qui sera consacr\u00e9e aux derni\u00e8res retouches et \u00e0 la mise en place de la tactique de jeu qui sera utilis\u00e9e face aux Oranais.<br \/>\u00a0<\/p>\n<p><strong>Lavagne\u00a0 \u00ab Il faut s\u2019attendre \u00e0 tout de la CAF et la sanction est s\u00e9v\u00e8re\u00bb<\/strong><br \/>Le premier responsable de la barre technique Denis Lavagne d\u00e9clare : \u00ab Il faut s\u2019attendre \u00e0 tout de la CAF, cette sanction est s\u00e9v\u00e8re, mais elle ne me surprend pas. Puisque on a tout vu de cette instance africaine. C\u2019est du jamais vu et c\u2019est \u00e0 ne rien comprendre les d\u00e9cisions de cette instance. \u00bb<br \/><strong>\u00ab Je fais confiance \u00e0 mes joueurs d\u2019offrir la qualif\u2019 \u00e0 notre public \u00bb<\/strong><br \/>Pour ce qui est du match de demain face aux Oranais, le coach des Vert et Noir reste confiant et se montre optimiste en d\u00e9clarant ce qui suit : \u00ab Le MCO nous a pi\u00e9g\u00e9 au match aller en nous tenant en \u00e9chec un but partout, mais il y a une deuxi\u00e8me manche qui aura lieu ce jeudi \u00e0 Oran. Je fais confiance \u00e0 mes joueurs et je crois qu\u2019ils sont capables de marquer et de gagner au stade Ahmed-Zabana d\u2019Oran. La Coupe d\u2019Alg\u00e9rie fait partie de nos objectifs et les joueurs sont conscients de ce qui les attend. Ils ne doivent pas d\u00e9cevoir les Sanafir qui r\u00eavent de ce troph\u00e9e. La qualification est dans nos cordes et les joueurs vont se transcender pour revenir \u00e0 la maison avec la qualif\u2019 au dernier carr\u00e9 \u00bb<br \/>\u00a0<\/p>\n<p><strong>Bencherifa\u00a0 \u00abOn doit ramener la qualification d\u2019Oran\u00bb<\/strong><\/p>\n<p><strong>Comment est l\u2019ambiance au sein du groupe \u00e0 l\u2019approche du matchretour face au MCO ?<\/strong><br \/>On se pr\u00e9pare dans de bonnes conditions et on est concentr\u00e9s sur notre sujet. On est d\u00e9cid\u00e9s \u00e0 ne pas rater ce match retour et de se racheter du match aller o\u00f9 on a \u00e9t\u00e9 tenus en \u00e9chec par les Oranais. On va tout donner pour revenir d\u2019Oran avec la qualification.<br \/><strong>La CAF vient de sanctionner le CSC pour un match \u00e0 huis clos. Un commentaire ?<\/strong><br \/>Cette d\u00e9cision nous prive de nos supporters face \u00e0 l\u2019ES Tunis. C\u2019est \u00e0 ne rien comprendre. Il y a une administration qui va s\u2019occuper de \u00e7a et je crois que Arama va saisir la CAF et introduira un recours pour lever cette sanction qui est injuste \u00e0 mes yeux.<br \/><strong>Les Constantinois sont sous le choc, mais ils seront au rendez-vous \u00e0 Oran pour vous soutenir. Un message \u00e0 leur transmettre ?<\/strong><br \/>On sait bien que nos fans sont affect\u00e9s et d\u00e9\u00e7us apr\u00e8s cette sanction. C\u2019est le cas aussi pour nous les joueurs, puisqu\u2019on jouera face aux Tunisiens sans notre public. On donne rendez-vous aux Sanafir au stade Ahmed-Zabana et on va tout faire pour arracher la qualification en demi-finale et rendre le sourire \u00e0 notre public qui m\u00e9rite tout le bonheur du monde.<br \/><strong>Pensez-vous que vous \u00eates en mesure de renverser la vapeur \u00e0 Oran ce jeudi et revenir avec la qualification ?<\/strong><br \/>Bien s\u00fbr qu\u2019on a les moyens et les capacit\u00e9s de relver ce d\u00e9fi. En plus on a un bon groupe capable de damer le pion \u00e0 n\u2019importe quelle \u00e9quipe en d\u00e9placement. On l\u2019a d\u00e9j\u00e0 fait contre le NAHD, la JSK et l\u2019USMBA et on tentera de r\u00e9\u00e9diter en Coupe d\u2019Alg\u00e9rie face au MCO. M\u00eame si on sait que notre mission ne sera pas de tout repos, mais on aura notre mot \u00e0 dire.<br \/><strong>Tout le monde \u00e0 Constantine attend une qualification au dernier carr\u00e9, un commentaire ?<\/strong><br \/>La Coupe d\u2019Alg\u00e9rie est notre objectif n\u00b01 cette saison et c\u2019est le r\u00eave de toute la population de Constantine. On va tout donner sur le terrain pour passer l\u2019\u00e9cueil du MCO, en attendant une autre qualif\u2019 en finale et la cons\u00e9cration dans cette comp\u00e9tition. On est d\u00e9termin\u00e9s \u00e0 relever le d\u00e9fi et on aura inch\u2019Allah le dernier mot.<br \/>Entretien r\u00e9alis\u00e9 par<br \/>\u00a0<\/p>\n<p><strong>Publi\u00e9 dans :<\/strong> <span>csc<\/span> <span>Abid<\/span> <span>Djabout<\/span> <span>Bencherifa et Benkouider<\/span><\/p>\n<\/div>\n<p>Auteur:<br \/>\n<a href=\"http:\/\/www.lebuteur.com\/article\/detail?titre=csc-le-coach-ecarte-arouna-aroussi-et-belmokhtar&#038;id=87486&#038;utm_source=feedburner&#038;utm_medium=feed&#038;utm_campaign=Feed%3A+GalerieFArtciles+%28Les+derniers+articles++-+lebuteur.com%29\">Cliquez ici pour lire l&rsquo;article depuis sa source.<\/a><\/p>\n","protected":false},"excerpt":{"rendered":"<p>Auteur : Hamza S. mercredi 27 mars 2019 11:25 Le premier responsable de la barre technique Denis Lavagne a choisi les \u00e9l\u00e9ments qui effectueront le voyage aujourd\u2019hui \u00e0 Oran. Trois joueurs et non des moindres n\u2019ont pas \u00e9t\u00e9 retenus. Il s\u2019agit des attaquants Belmokhtar et Arouna et du d\u00e9fenseur Aroussi. Des choix \u00e0 ne pas [&hellip;]<\/p>\n","protected":false},"author":1738,"featured_media":24357,"comment_status":"closed","ping_status":"closed","sticky":false,"template":"","format":"standard","meta":{"fifu_image_url":"","fifu_image_alt":"","footnotes":""},"categories":[53,75],"tags":[],"class_list":["post-24356","post","type-post","status-publish","format-standard","has-post-thumbnail","hentry","category-algerie","category-sport"],"_links":{"self":[{"href":"https:\/\/linitiative.ca\/International\/wp-json\/wp\/v2\/posts\/24356","targetHints":{"allow":["GET"]}}],"collection":[{"href":"https:\/\/linitiative.ca\/International\/wp-json\/wp\/v2\/posts"}],"about":[{"href":"https:\/\/linitiative.ca\/International\/wp-json\/wp\/v2\/types\/post"}],"author":[{"embeddable":true,"href":"https:\/\/linitiative.ca\/International\/wp-json\/wp\/v2\/users\/1738"}],"replies":[{"embeddable":true,"href":"https:\/\/linitiative.ca\/International\/wp-json\/wp\/v2\/comments?post=24356"}],"version-history":[{"count":0,"href":"https:\/\/linitiative.ca\/International\/wp-json\/wp\/v2\/posts\/24356\/revisions"}],"wp:featuredmedia":[{"embeddable":true,"href":"https:\/\/linitiative.ca\/International\/wp-json\/"}],"wp:attachment":[{"href":"https:\/\/linitiative.ca\/International\/wp-json\/wp\/v2\/media?parent=24356"}],"wp:term":[{"taxonomy":"category","embeddable":true,"href":"https:\/\/linitiative.ca\/International\/wp-json\/wp\/v2\/categories?post=24356"},{"taxonomy":"post_tag","embeddable":true,"href":"https:\/\/linitiative.ca\/International\/wp-json\/wp\/v2\/tags?post=24356"}],"curies":[{"name":"wp","href":"https:\/\/api.w.org\/{rel}","templated":true}]}}