{"id":24360,"date":"2019-03-27T15:14:15","date_gmt":"2019-03-27T19:14:15","guid":{"rendered":"https:\/\/linitiative.ca\/International\/international-le-barca-pret-a-vendre-umtiti-cet-ete\/"},"modified":"2019-03-27T15:14:15","modified_gmt":"2019-03-27T19:14:15","slug":"international-le-barca-pret-a-vendre-umtiti-cet-ete","status":"publish","type":"post","link":"https:\/\/linitiative.ca\/International\/international-le-barca-pret-a-vendre-umtiti-cet-ete\/","title":{"rendered":"International : Le Bar\u00e7a pr\u00eat \u00e0 vendre Umtiti cet \u00e9t\u00e9"},"content":{"rendered":"<div readability=\"32\">\n<p>Auteur : <span class=\"time\">mercredi 27 mars 2019 13:45<\/span><\/p>\n<\/div>\n<div id=\"post_core\" readability=\"45\">\n<p>Selon les informations de Goal Espagne, le FC Barcelone n&rsquo;a pas l&rsquo;intention de conserver Samuel Umtiti au-del\u00e0 de la saison en cours. Et il y aurait deux principales raisons \u00e0 cela. La premi\u00e8re est que le joueur n&rsquo;offre plus assez de garanties, en raison de ses blessures \u00e0 r\u00e9p\u00e9tition. Les responsables barcelonais ont m\u00eame toujours en travers de la gorge le fait que l&rsquo;international tricolore ait refus\u00e9 une op\u00e9ration la saison derni\u00e8re afin de participer au Mondial, quitte \u00e0 risque une rechute lors de la saison d&rsquo;apr\u00e8s. Et c&rsquo;est ce qui est arriv\u00e9 puisqu&rsquo;Umtiti a rat\u00e9 quasiment l&rsquo;int\u00e9gralit\u00e9 de la premi\u00e8re partie de saison.<\/p>\n<p>L&rsquo;autre raison qui fait que le Bar\u00e7a est dispos\u00e9 \u00e0 laisser partir Umtiti c&rsquo;est qu&rsquo;il compte s&rsquo;offrir un autre d\u00e9fenseur central \u00e0 partir du prochain mercato. Les Azulgrana sont d\u00e9termin\u00e9s \u00e0 s&rsquo;attacher les services du prometteur arri\u00e8re n\u00e9erlandais, Matthijs De Ligt.<\/p>\n<p><strong>Publi\u00e9 dans :<\/strong> <span>fc barcelone<\/span><\/p>\n<\/div>\n<p>Auteur:<br \/>\n<a href=\"http:\/\/www.lebuteur.com\/article\/detail?titre=le-barca-pret-a-vendre-umtiti-cet-ete&#038;id=87507&#038;utm_source=feedburner&#038;utm_medium=feed&#038;utm_campaign=Feed%3A+GalerieFArtciles+%28Les+derniers+articles++-+lebuteur.com%29\">Cliquez ici pour lire l&rsquo;article depuis sa source.<\/a><\/p>\n","protected":false},"excerpt":{"rendered":"<p>Auteur : mercredi 27 mars 2019 13:45 Selon les informations de Goal Espagne, le FC Barcelone n&rsquo;a pas l&rsquo;intention de conserver Samuel Umtiti au-del\u00e0 de la saison en cours. Et il y aurait deux principales raisons \u00e0 cela. La premi\u00e8re est que le joueur n&rsquo;offre plus assez de garanties, en raison de ses blessures \u00e0 [&hellip;]<\/p>\n","protected":false},"author":1738,"featured_media":24361,"comment_status":"closed","ping_status":"closed","sticky":false,"template":"","format":"standard","meta":{"fifu_image_url":"","fifu_image_alt":"","footnotes":""},"categories":[53,75],"tags":[],"class_list":["post-24360","post","type-post","status-publish","format-standard","has-post-thumbnail","hentry","category-algerie","category-sport"],"_links":{"self":[{"href":"https:\/\/linitiative.ca\/International\/wp-json\/wp\/v2\/posts\/24360","targetHints":{"allow":["GET"]}}],"collection":[{"href":"https:\/\/linitiative.ca\/International\/wp-json\/wp\/v2\/posts"}],"about":[{"href":"https:\/\/linitiative.ca\/International\/wp-json\/wp\/v2\/types\/post"}],"author":[{"embeddable":true,"href":"https:\/\/linitiative.ca\/International\/wp-json\/wp\/v2\/users\/1738"}],"replies":[{"embeddable":true,"href":"https:\/\/linitiative.ca\/International\/wp-json\/wp\/v2\/comments?post=24360"}],"version-history":[{"count":0,"href":"https:\/\/linitiative.ca\/International\/wp-json\/wp\/v2\/posts\/24360\/revisions"}],"wp:featuredmedia":[{"embeddable":true,"href":"https:\/\/linitiative.ca\/International\/wp-json\/"}],"wp:attachment":[{"href":"https:\/\/linitiative.ca\/International\/wp-json\/wp\/v2\/media?parent=24360"}],"wp:term":[{"taxonomy":"category","embeddable":true,"href":"https:\/\/linitiative.ca\/International\/wp-json\/wp\/v2\/categories?post=24360"},{"taxonomy":"post_tag","embeddable":true,"href":"https:\/\/linitiative.ca\/International\/wp-json\/wp\/v2\/tags?post=24360"}],"curies":[{"name":"wp","href":"https:\/\/api.w.org\/{rel}","templated":true}]}}