{"id":24362,"date":"2019-03-27T15:14:16","date_gmt":"2019-03-27T19:14:16","guid":{"rendered":"https:\/\/linitiative.ca\/International\/ligue-1-2-mellal-et-boukelkal-fixes-sur-leur-suspension\/"},"modified":"2019-03-27T15:14:16","modified_gmt":"2019-03-27T19:14:16","slug":"ligue-1-2-mellal-et-boukelkal-fixes-sur-leur-suspension","status":"publish","type":"post","link":"https:\/\/linitiative.ca\/International\/ligue-1-2-mellal-et-boukelkal-fixes-sur-leur-suspension\/","title":{"rendered":"Ligue 1 &amp; 2 : Mellal et Boukelkal fix\u00e9s sur leur suspension"},"content":{"rendered":"<div readability=\"32\">\n<p>Auteur : <span class=\"time\">mercredi 27 mars 2019 14:23<\/span><\/p>\n<\/div>\n<div id=\"post_core\" readability=\"37\">\n<p>La commission de discipline vient de sanctionner les pr\u00e9sidents de la JSK et de l\u2019OM en l\u2019occurrence Cherif Mellal et Mahfoud Boukelkal\u00a0:\u00a0\u00abM.BOUKHELKHAL Mahfoud pr\u00e9sident de club O M\u00e9dea et M. MELLAL Cherif pr\u00e9sident du club JS Kabylie sont interdits d\u2019acc\u00e8s au terrain et aux vestiaires \u00e0 compter du 25\/03\/2019 pour une p\u00e9riode de trois mois ; le premier pour non respect des d\u00e9cisions des organes juridictionnels et le second pour atteinte \u00e0 la dignit\u00e9 et \u00e0 l\u2019honneur envers officiel de match. Les deux dirigeants ont \u00e9t\u00e9 frapp\u00e9s d\u2019une amende de 200 000 DA.\u00bbpeut-on lire sur le site de la LFP.<\/p>\n<p><strong>Publi\u00e9 dans :<\/strong> <span>Mellal<\/span> <span>Boukelkal<\/span><\/p>\n<\/div>\n<p>Auteur:<br \/>\n<a href=\"http:\/\/www.lebuteur.com\/article\/detail?titre=mellal-et-boukelkal-fixes-sur-leur-suspension&#038;id=87508&#038;utm_source=feedburner&#038;utm_medium=feed&#038;utm_campaign=Feed%3A+GalerieFArtciles+%28Les+derniers+articles++-+lebuteur.com%29\">Cliquez ici pour lire l&rsquo;article depuis sa source.<\/a><\/p>\n","protected":false},"excerpt":{"rendered":"<p>Auteur : mercredi 27 mars 2019 14:23 La commission de discipline vient de sanctionner les pr\u00e9sidents de la JSK et de l\u2019OM en l\u2019occurrence Cherif Mellal et Mahfoud Boukelkal\u00a0:\u00a0\u00abM.BOUKHELKHAL Mahfoud pr\u00e9sident de club O M\u00e9dea et M. MELLAL Cherif pr\u00e9sident du club JS Kabylie sont interdits d\u2019acc\u00e8s au terrain et aux vestiaires \u00e0 compter du [&hellip;]<\/p>\n","protected":false},"author":1738,"featured_media":24363,"comment_status":"closed","ping_status":"closed","sticky":false,"template":"","format":"standard","meta":{"fifu_image_url":"","fifu_image_alt":"","footnotes":""},"categories":[53,75],"tags":[],"class_list":["post-24362","post","type-post","status-publish","format-standard","has-post-thumbnail","hentry","category-algerie","category-sport"],"_links":{"self":[{"href":"https:\/\/linitiative.ca\/International\/wp-json\/wp\/v2\/posts\/24362","targetHints":{"allow":["GET"]}}],"collection":[{"href":"https:\/\/linitiative.ca\/International\/wp-json\/wp\/v2\/posts"}],"about":[{"href":"https:\/\/linitiative.ca\/International\/wp-json\/wp\/v2\/types\/post"}],"author":[{"embeddable":true,"href":"https:\/\/linitiative.ca\/International\/wp-json\/wp\/v2\/users\/1738"}],"replies":[{"embeddable":true,"href":"https:\/\/linitiative.ca\/International\/wp-json\/wp\/v2\/comments?post=24362"}],"version-history":[{"count":0,"href":"https:\/\/linitiative.ca\/International\/wp-json\/wp\/v2\/posts\/24362\/revisions"}],"wp:featuredmedia":[{"embeddable":true,"href":"https:\/\/linitiative.ca\/International\/wp-json\/"}],"wp:attachment":[{"href":"https:\/\/linitiative.ca\/International\/wp-json\/wp\/v2\/media?parent=24362"}],"wp:term":[{"taxonomy":"category","embeddable":true,"href":"https:\/\/linitiative.ca\/International\/wp-json\/wp\/v2\/categories?post=24362"},{"taxonomy":"post_tag","embeddable":true,"href":"https:\/\/linitiative.ca\/International\/wp-json\/wp\/v2\/tags?post=24362"}],"curies":[{"name":"wp","href":"https:\/\/api.w.org\/{rel}","templated":true}]}}