{"id":24376,"date":"2019-03-27T09:05:44","date_gmt":"2019-03-27T13:05:44","guid":{"rendered":"https:\/\/linitiative.ca\/International\/87361-equestre-en-110-jeunes-cavaliers-en-regroupement-a-blida\/"},"modified":"2019-03-27T09:05:44","modified_gmt":"2019-03-27T13:05:44","slug":"87361-equestre-en-110-jeunes-cavaliers-en-regroupement-a-blida","status":"publish","type":"post","link":"https:\/\/linitiative.ca\/International\/87361-equestre-en-110-jeunes-cavaliers-en-regroupement-a-blida\/","title":{"rendered":"Equestre \/ EN: 110 jeunes cavaliers en regroupement \u00e0 Blida"},"content":{"rendered":"<div>\n<div class=\"K2FeedImage\"><img decoding=\"async\" src=\"http:\/\/www.aps.dz\/media\/k2\/items\/cache\/ac8a8f137801da77dccadfbc14e10a96_S.jpg\" alt=\"Equestre \/ EN: 110 jeunes cavaliers en regroupement \u00e0 Blida\"><\/div>\n<div class=\"K2FeedIntroText\">\n<p>ALGER &#8211; Soixante (60) cavaliers cadets \u00e2g\u00e9s entre 12 et 15 ans et cinquante cavaliers juniors \u00e2g\u00e9s entre 16 et 19 ans effectueront un stage\u00a0 de jeunes talents, du 28 au 31 mars au niveau club hippique de la Mitidja de Blida, a-t-on appris mercredi aupr\u00e8s de la F\u00e9d\u00e9ration \u00e9questre alg\u00e9rienne (FEA).<\/p>\n<\/div>\n<div class=\"K2FeedFullText\">\n<blockquote>\n<p><em><strong>\u00a0\u00bb Ces 110 cavaliers ont \u00e9t\u00e9 s\u00e9lectionn\u00e9s sur la base des r\u00e9sultats des diff\u00e9rents concours enregistr\u00e9s lors des douze derniers mois\u00a0\u00bb, a expliqu\u00e9 la f\u00e9d\u00e9ration, pr\u00e9cisant que ce stage, inscrit dans le cadre de r\u00e9alisation de son plan d\u2019action de l\u2019ann\u00e9e 2019, va permettre de mettre sur pied une s\u00e9lection nationale en pr\u00e9vision des diff\u00e9rentes \u00e9ch\u00e9ances internationales \u00e0 moyen et long terme, telles que les Jeux africains de la jeunesse et les Jeux olympiques de la jeunesse 2022 ainsi que les championnats continentaux 2022\/2024.<\/strong><\/em><\/p>\n<\/blockquote>\n<p>Le regroupement sera encadr\u00e9 par les entraineurs nationaux et assist\u00e9s par les moniteurs f\u00e9d\u00e9raux et son contenu sera bas\u00e9 sur l\u2019\u00e9valuation de la pr\u00e9paration physique g\u00e9n\u00e9rale et sp\u00e9cifique des cavaliers et des chevaux, le coaching, la pr\u00e9paration technico-tactique et psychologique des cavaliers.<\/p>\n<p>A l&rsquo;issue de ce stage, les cavaliers retenus seront soumis \u00e0 un programme de pr\u00e9paration pluri annuel.<\/p>\n<blockquote>\n<p><em><strong>Sur un autre chapitre, la F\u00e9d\u00e9ration \u00e9questre alg\u00e9rienne organise samedi \u00e0 Tiaret un concours d&rsquo;endurance international\u00a0 dans les distances de 80 et 120Km. Ces deux \u00e9preuves sont inscrites au programme de l&rsquo;instance f\u00e9d\u00e9rale dont le syst\u00e8me de qualification au championnat du monde, pr\u00e9vu en mois de septembre 2019, prend en consid\u00e9ration les r\u00e9sultats de ces \u00e9preuves.<\/strong><\/em><\/p>\n<\/blockquote>\n<p>La liste des membres du jury a \u00e9t\u00e9 valid\u00e9e par la F\u00e9d\u00e9ration Equestre International et est compos\u00e9e d\u2019un pr\u00e9sident de jury fran\u00e7ais, deux d\u00e9l\u00e9gu\u00e9s tunisiens et trois v\u00e9t\u00e9rinaires fran\u00e7ais ainsi que des officiels alg\u00e9riens internationaux.<\/p>\n<p>Dans la m\u00eame journ\u00e9e (samedi), un concours national dans les \u00e9preuves 20, 40 ,60 et 80 Km aura lieu sur le m\u00eame lieu.<\/p>\n<p>\u00a0<\/p>\n<\/div>\n<p><img loading=\"lazy\" decoding=\"async\" src=\"http:\/\/feeds.feedburner.com\/~r\/aps-sport\/~4\/quufgXSha2o\" height=\"1\" width=\"1\" alt=\"\"><\/div>\n<p>Auteur:<br \/>\n<a href=\"http:\/\/www.aps.dz\/sport\/87361-equestre-en-110-jeunes-cavaliers-en-regroupement-a-blida?utm_source=feedburner&#038;utm_medium=feed&#038;utm_campaign=Feed%3A+aps-sport+%28APS+-+SPORT%29\">Cliquez ici pour lire l&rsquo;article depuis sa source.<\/a><\/p>\n","protected":false},"excerpt":{"rendered":"<p>ALGER &#8211; Soixante (60) cavaliers cadets \u00e2g\u00e9s entre 12 et 15 ans et cinquante cavaliers juniors \u00e2g\u00e9s entre 16 et 19 ans effectueront un stage\u00a0 de jeunes talents, du 28 au 31 mars au niveau club hippique de la Mitidja de Blida, a-t-on appris mercredi aupr\u00e8s de la F\u00e9d\u00e9ration \u00e9questre alg\u00e9rienne (FEA). \u00a0\u00bb Ces 110 [&hellip;]<\/p>\n","protected":false},"author":1790,"featured_media":24377,"comment_status":"closed","ping_status":"closed","sticky":false,"template":"","format":"standard","meta":{"fifu_image_url":"","fifu_image_alt":"","footnotes":""},"categories":[53,75],"tags":[],"class_list":["post-24376","post","type-post","status-publish","format-standard","has-post-thumbnail","hentry","category-algerie","category-sport"],"_links":{"self":[{"href":"https:\/\/linitiative.ca\/International\/wp-json\/wp\/v2\/posts\/24376","targetHints":{"allow":["GET"]}}],"collection":[{"href":"https:\/\/linitiative.ca\/International\/wp-json\/wp\/v2\/posts"}],"about":[{"href":"https:\/\/linitiative.ca\/International\/wp-json\/wp\/v2\/types\/post"}],"author":[{"embeddable":true,"href":"https:\/\/linitiative.ca\/International\/wp-json\/wp\/v2\/users\/1790"}],"replies":[{"embeddable":true,"href":"https:\/\/linitiative.ca\/International\/wp-json\/wp\/v2\/comments?post=24376"}],"version-history":[{"count":0,"href":"https:\/\/linitiative.ca\/International\/wp-json\/wp\/v2\/posts\/24376\/revisions"}],"wp:featuredmedia":[{"embeddable":true,"href":"https:\/\/linitiative.ca\/International\/wp-json\/"}],"wp:attachment":[{"href":"https:\/\/linitiative.ca\/International\/wp-json\/wp\/v2\/media?parent=24376"}],"wp:term":[{"taxonomy":"category","embeddable":true,"href":"https:\/\/linitiative.ca\/International\/wp-json\/wp\/v2\/categories?post=24376"},{"taxonomy":"post_tag","embeddable":true,"href":"https:\/\/linitiative.ca\/International\/wp-json\/wp\/v2\/tags?post=24376"}],"curies":[{"name":"wp","href":"https:\/\/api.w.org\/{rel}","templated":true}]}}