{"id":24391,"date":"2019-03-27T13:40:00","date_gmt":"2019-03-27T17:40:00","guid":{"rendered":"https:\/\/linitiative.ca\/International\/2eme-republique-comment-faire\/"},"modified":"2019-03-27T13:40:00","modified_gmt":"2019-03-27T17:40:00","slug":"2eme-republique-comment-faire","status":"publish","type":"post","link":"https:\/\/linitiative.ca\/International\/2eme-republique-comment-faire\/","title":{"rendered":"2\u00e8me R\u00e9publique, comment faire ?"},"content":{"rendered":"<p><br id=\"sep_para_1\" class=\"sep_para access\"\/><\/p>\n<div id=\"para_1\" class=\"para_29991554 resize\">\n<div class=\"texte access firstletter\">Depuis le 22 f\u00e9vrier, les Alg\u00e9riens descendent\u00a0 par milliers dans la rue dire non au syst\u00e8me politique en place. L\u2019\u00e9v\u00e9nement est unique dans l\u2019histoire du pays pour continuer \u00e0 \u00eatre ignor\u00e9 ou minimis\u00e9. Jamais depuis la guerre de Lib\u00e9ration, les Alg\u00e9riens ne se sont soulev\u00e9s comme un seul homme pour faire aboutir une revendication commune. En plus de la r\u00e9action des manifestants, le nouveau Premier ministre peine \u00e0 convaincre les acteurs de l\u2019opposition traditionnelle. Tous les partis, toutes tendances confondues, ne sont pas favorables aux propositions du pouvoir. Ils r\u00e9clament, eux aussi, la fin de l\u2019actuel syst\u00e8me politique et une p\u00e9riode de transition aboutissant \u00e0 une 2\u00e8me R\u00e9publique. Il n\u2019y a aucun doute aujourd\u2019hui pour affirmer que le peuple alg\u00e9rien est entr\u00e9 depuis un mois maintenant, depuis le 22 f\u00e9vrier plus pr\u00e9cis\u00e9ment, dans un processus r\u00e9volutionnaire. Une affirmation que l\u2019on peut soutenir au regard de la forme et des contenus des \u00e9v\u00e8nements qui se produisent dans l\u2019espace public depuis cette date inaugurale. Sur la forme, on peut constater l\u2019irruption massive du peuple dans l\u2019espace public dans toutes ses cat\u00e9gories d\u2019\u00e2ge et de sexe, femmes, hommes, jeunes, retrait\u00e9s, etc. d\u2019une part, et dans toutes ses composantes ethniques, religieuses, politiques, id\u00e9ologiques, etc., d\u2019autre part. On peut observer \u00e9galement le m\u00eame ph\u00e9nom\u00e8ne dans les cat\u00e9gories sociales. Sur les contenus, les slogans des manifestants sont unanimes \u00e0 vouloir changer de paradigme du vivre-ensemble par la volont\u00e9 de changer de syst\u00e8me de pouvoir, de r\u00e9\u00e9crire les textes fondamentaux et en appelant \u00e0 une nouvelle R\u00e9publique. Un mod\u00e8le transitionnel devrait arrimer la soci\u00e9t\u00e9 alg\u00e9rienne \u00e0 la contemporan\u00e9it\u00e9 du monde, avec toutes les valeurs de modernit\u00e9 que cela implique, est le garant contre toute \u00e9ventualit\u00e9 de reflux. De m\u00eame pour la R\u00e9publique \u00e0 b\u00e2tir, qu\u2019il faudra se garder de qualifier de deuxi\u00e8me dans le genre, car il n\u2019y a jamais eu de premi\u00e8re R\u00e9publique depuis notre acc\u00e8s \u00e0 l\u2019ind\u00e9pendance en 1962.<\/div>\n<\/div>\n<p>Auteur: Ismain<br \/>\n<a href=\"https:\/\/www.reflexiondz.net\/2eme-Republique-comment-faire_a55141.html\">Cliquez ici pour lire l&rsquo;article depuis sa source.<\/a><\/p>\n","protected":false},"excerpt":{"rendered":"<p>Depuis le 22 f\u00e9vrier, les Alg\u00e9riens descendent\u00a0 par milliers dans la rue dire non au syst\u00e8me politique en place. L\u2019\u00e9v\u00e9nement est unique dans l\u2019histoire du pays pour continuer \u00e0 \u00eatre ignor\u00e9 ou minimis\u00e9. Jamais depuis la guerre de Lib\u00e9ration, les Alg\u00e9riens ne se sont soulev\u00e9s comme un seul homme pour faire aboutir une revendication commune. [&hellip;]<\/p>\n","protected":false},"author":1740,"featured_media":0,"comment_status":"closed","ping_status":"closed","sticky":false,"template":"","format":"standard","meta":{"fifu_image_url":"","fifu_image_alt":"","footnotes":""},"categories":[53,76],"tags":[],"class_list":["post-24391","post","type-post","status-publish","format-standard","hentry","category-algerie","category-regions"],"_links":{"self":[{"href":"https:\/\/linitiative.ca\/International\/wp-json\/wp\/v2\/posts\/24391","targetHints":{"allow":["GET"]}}],"collection":[{"href":"https:\/\/linitiative.ca\/International\/wp-json\/wp\/v2\/posts"}],"about":[{"href":"https:\/\/linitiative.ca\/International\/wp-json\/wp\/v2\/types\/post"}],"author":[{"embeddable":true,"href":"https:\/\/linitiative.ca\/International\/wp-json\/wp\/v2\/users\/1740"}],"replies":[{"embeddable":true,"href":"https:\/\/linitiative.ca\/International\/wp-json\/wp\/v2\/comments?post=24391"}],"version-history":[{"count":0,"href":"https:\/\/linitiative.ca\/International\/wp-json\/wp\/v2\/posts\/24391\/revisions"}],"wp:attachment":[{"href":"https:\/\/linitiative.ca\/International\/wp-json\/wp\/v2\/media?parent=24391"}],"wp:term":[{"taxonomy":"category","embeddable":true,"href":"https:\/\/linitiative.ca\/International\/wp-json\/wp\/v2\/categories?post=24391"},{"taxonomy":"post_tag","embeddable":true,"href":"https:\/\/linitiative.ca\/International\/wp-json\/wp\/v2\/tags?post=24391"}],"curies":[{"name":"wp","href":"https:\/\/api.w.org\/{rel}","templated":true}]}}