{"id":24441,"date":"2019-03-27T15:55:09","date_gmt":"2019-03-27T19:55:09","guid":{"rendered":"https:\/\/linitiative.ca\/International\/algerie-vers-limpasse\/"},"modified":"2019-03-27T15:55:09","modified_gmt":"2019-03-27T19:55:09","slug":"algerie-vers-limpasse","status":"publish","type":"post","link":"https:\/\/linitiative.ca\/International\/algerie-vers-limpasse\/","title":{"rendered":"ALGERIE : Vers  l\u2019impasse\u00a0?"},"content":{"rendered":"<p><img decoding=\"async\" class=\"post_layout_5_img\" src=\"http:\/\/lepays.bf\/wp-content\/uploads\/2019\/03\/ALGERIE-1-1.jpg\" alt=\"ALGERIE : Vers l\u2019impasse\u00a0?\"\/><\/p>\n<p class=\"c4\"><em>Apr\u00e8s le chef d\u2019\u00e9tat-major, c\u2019est au tour de l\u2019ex-Premier ministre Ahmed Ouhiayia et l\u2019Union g\u00e9n\u00e9rale des travailleurs de l\u2019Alg\u00e9rie (UGTA), de monter au cr\u00e9neau pour demander la d\u00e9mission du pr\u00e9sident Abdelaziz Bouteflika. C\u2019est dire que chaque jour qui passe, la majorit\u00e9 pr\u00e9sidentielle ne fait que se fissurer davantage. Cela dit, se dirige-t-on vers une impasse en Alg\u00e9rie ? C\u2019est l\u2019une des questions que l\u2019on pourrait se poser, au regard de l\u2019\u00e9volution de la situation dans ce pays. En effet, pouss\u00e9 par la rue \u00e0 renoncer \u00e0 un cinqui\u00e8me mandat, le pr\u00e9sident Abdelaziz Bouteflika, croyant pouvoir jouer les prolongations \u00e0 la t\u00eate de l\u2019Etat, s\u2019est propos\u00e9 lui-m\u00eame pour conduire la transition devant aboutir \u00e0 l\u2019\u00e9lection de son successeur.\u00a0<\/em> <em>Mais c\u2019\u00e9tait sans compter avec la d\u00e9termination des manifestants \u00e0 tourner d\u00e9finitivement sa page et celle de son r\u00e9gime, qui ont affich\u00e9 leur d\u00e9saccord avec cette d\u00e9cision du pr\u00e9sident.<\/em><\/p>\n<p><strong>On se demande bien o\u00f9 va l\u2019Alg\u00e9rie<\/strong><\/p>\n<p class=\"c4\"><em>Un niet cat\u00e9gorique qui a eu pour effet de freiner le pouvoir dans sa volont\u00e9 de mettre en place un gouvernement de transition pour aller aux r\u00e9formes annonc\u00e9es dans le cadre d\u2019une conf\u00e9rence nationale o\u00f9 seraient fortement repr\u00e9sent\u00e9s les jeunes et les femmes. C\u2019est dire si le retrait de la candidature de Boutef n\u2019a pas r\u00e9ussi \u00e0 calmer la col\u00e8re de la rue qui n\u2019a pas desserr\u00e9 son \u00e9treinte autour de la gorge du pouvoir, et qui aspire d\u00e9sormais \u00e0 un changement total. Exit Boutef et compagnie, telles sont les exigences de la rue dont le mouvement, apr\u00e8s plus d\u2019un mois de manifestations, a gagn\u00e9 en intensit\u00e9 au point de pousser des soutiens et pas des moindres du pr\u00e9sident \u00e0 faire d\u00e9fection. C\u2019est dans ce contexte de tension et de bras de fer entre Bouteflika et son peuple, que le patron de la Grande muette a fait une sortie, le 26 mars dernier, demandant l\u2019application de l\u2019article 102 qui d\u00e9cr\u00e8te la vacance du pouvoir en cas d\u2019emp\u00eachement du pr\u00e9sident de la R\u00e9publique et qui retentit aux oreilles de plus d\u2019un comme un l\u00e2chage en r\u00e8gle du vieux pr\u00e9sident malade qui passe aussi pour \u00eatre le mouton du sacrifice d\u2019un r\u00e9gime aux abois. Seulement, le peuple ne semble pas l\u2019entendre de cette oreille car ils sont nombreux les Alg\u00e9riens \u00e0 voir derri\u00e8re cette sortie du patron de l\u2019arm\u00e9e, une entourloupe visant \u00e0 conserver le pouvoir et \u00e0 donner du r\u00e9pit au syst\u00e8me pour organiser la succession du pr\u00e9sident Bouteflika.\u00a0<\/em> <em>C\u2019est pourquoi, entre un Bouteflika qui ne montre aucun empressement \u00e0 jeter l\u2019\u00e9ponge, un Conseil constitutionnel qui attend on ne sait quoi pour prendre ses responsabilit\u00e9s, une arm\u00e9e qui veut faire bouger les lignes mais qui est, d\u2019ores et d\u00e9j\u00e0, r\u00e9cus\u00e9e et une rue qui continue de gronder et qui veut la rupture, l\u2019on se demande bien o\u00f9 va l\u2019Alg\u00e9rie. C\u2019est dire donc qu\u2019on n\u2019est pas encore sorti de l\u2019auberge. En tout cas, apr\u00e8s l\u2019accueil peu enthousiaste r\u00e9serv\u00e9 \u00e0 la sortie du g\u00e9n\u00e9ral Ahmed Ga\u00efd Salah, l\u2019on se demande quelle position va \u00e0 pr\u00e9sent adopter l\u2019arm\u00e9e. Va-t-elle c\u00e9der \u00e0 la pression populaire ou voudra-t-elle, malgr\u00e9 tout, jouer le r\u00f4le d\u2019arbitre, avec le risque d\u2019\u00eatre elle-m\u00eame d\u00e9bord\u00e9e ? Le moins que l\u2019on puisse dire, c\u2019est que pour une arm\u00e9e qui est habitu\u00e9e \u00e0 faire et \u00e0 d\u00e9faire les r\u00e9gimes, elle est aujourd\u2019hui dans une situation inconfortable, face \u00e0 cette r\u00e9action inattendue de la rue. Quoi qu\u2019il en soit, l\u2019Alg\u00e9rie semble aujourd\u2019hui plus que jamais \u00e0 la crois\u00e9e des chemins, ou du moins, \u00e0 la recherche de l\u2019homme providentiel, consensuel, pour diriger la transition devant conduire \u00e0 des \u00e9lections libres et cr\u00e9dibles.<\/em><\/p>\n<p><strong>Le pays ne peut pas continuer \u00e0 voguer dans l\u2019incertitude et il faut \u00e0 tout prix \u00e9viter de tomber dans l\u2019anarchie<\/strong><\/p>\n<p class=\"c4\"><em>Qui donc, pour sortir le pays de l\u2019orni\u00e8re\u00a0? Telle est l\u2019\u00e9quation qui semble se poser aujourd\u2019hui aux Alg\u00e9riens. C\u2019est pourquoi, au-del\u00e0 de la contestation et des manifestations de rue, il va bien falloir, \u00e0 un moment donn\u00e9, s\u2019asseoir autour d\u2019une table pour dresser une feuille de route cr\u00e9dible de sortie de crise. Car, tout porte \u00e0 croire que le d\u00e9bat est en train de glisser dans une zone de non droit, surtout si tous les dauphins constitutionnels du pr\u00e9sident doivent subir la fatwa des contestataires pour avoir flirt\u00e9 ou \u00e9t\u00e9 au c\u0153ur du syst\u00e8me Bouteflika aujourd\u2019hui vomi par le peuple. Au demeurant, constitutionnalit\u00e9 pour constitutionnalit\u00e9, ils sont nombreux les Alg\u00e9riens \u00e0 voir dans la d\u00e9cision unilat\u00e9rale de report de la pr\u00e9sidentielle par Bouteflika apr\u00e8s son renoncement, une d\u00e9cision anticonstitutionnelle.<\/em><br \/><em>En tout \u00e9tat de cause, \u00ab\u00a0\u00e0 situation exceptionnelle, dit-on, mesures exceptionnelles\u00a0\u00bb. Car, le pays ne peut pas continuer \u00e0 voguer dans l\u2019incertitude et il faut \u00e0 tout prix \u00e9viter de tomber dans l\u2019anarchie. Il appartient donc aux Alg\u00e9riens de trouver les ressorts n\u00e9cessaires pour se fixer une feuille de route consensuelle, avec un chronogramme clair \u00e0 m\u00eame de r\u00e9pondre \u00e0 leurs aspirations. Car, br\u00fbler l\u2019Alg\u00e9rie aujourd\u2019hui ne servirait \u00e0 rien.<\/em><\/p>\n<p><strong>\u00ab\u00a0Le Pays\u00a0\u00bb<\/strong><\/p>\n<p>Auteur: Le Pays<br \/>\n<a href=\"http:\/\/lepays.bf\/algerie-vers-limpasse\/\">Cliquez ici pour lire l&rsquo;article depuis sa source.<\/a><\/p>\n","protected":false},"excerpt":{"rendered":"<p>Apr\u00e8s le chef d\u2019\u00e9tat-major, c\u2019est au tour de l\u2019ex-Premier ministre Ahmed Ouhiayia et l\u2019Union g\u00e9n\u00e9rale des travailleurs de l\u2019Alg\u00e9rie (UGTA), de monter au cr\u00e9neau pour demander la d\u00e9mission du pr\u00e9sident Abdelaziz Bouteflika. C\u2019est dire que chaque jour qui passe, la majorit\u00e9 pr\u00e9sidentielle ne fait que se fissurer davantage. Cela dit, se dirige-t-on vers une impasse [&hellip;]<\/p>\n","protected":false},"author":1813,"featured_media":24442,"comment_status":"closed","ping_status":"closed","sticky":false,"template":"","format":"standard","meta":{"fifu_image_url":"","fifu_image_alt":"","footnotes":""},"categories":[73,81],"tags":[],"class_list":["post-24441","post","type-post","status-publish","format-standard","has-post-thumbnail","hentry","category-actualite","category-burkina-faso"],"_links":{"self":[{"href":"https:\/\/linitiative.ca\/International\/wp-json\/wp\/v2\/posts\/24441","targetHints":{"allow":["GET"]}}],"collection":[{"href":"https:\/\/linitiative.ca\/International\/wp-json\/wp\/v2\/posts"}],"about":[{"href":"https:\/\/linitiative.ca\/International\/wp-json\/wp\/v2\/types\/post"}],"author":[{"embeddable":true,"href":"https:\/\/linitiative.ca\/International\/wp-json\/wp\/v2\/users\/1813"}],"replies":[{"embeddable":true,"href":"https:\/\/linitiative.ca\/International\/wp-json\/wp\/v2\/comments?post=24441"}],"version-history":[{"count":0,"href":"https:\/\/linitiative.ca\/International\/wp-json\/wp\/v2\/posts\/24441\/revisions"}],"wp:featuredmedia":[{"embeddable":true,"href":"https:\/\/linitiative.ca\/International\/wp-json\/"}],"wp:attachment":[{"href":"https:\/\/linitiative.ca\/International\/wp-json\/wp\/v2\/media?parent=24441"}],"wp:term":[{"taxonomy":"category","embeddable":true,"href":"https:\/\/linitiative.ca\/International\/wp-json\/wp\/v2\/categories?post=24441"},{"taxonomy":"post_tag","embeddable":true,"href":"https:\/\/linitiative.ca\/International\/wp-json\/wp\/v2\/tags?post=24441"}],"curies":[{"name":"wp","href":"https:\/\/api.w.org\/{rel}","templated":true}]}}