{"id":24443,"date":"2019-03-27T15:59:00","date_gmt":"2019-03-27T19:59:00","guid":{"rendered":"https:\/\/linitiative.ca\/International\/conseil-presidentiel-pour-lafrique-que-cachent-ces-demissions-en-series\/"},"modified":"2019-03-27T15:59:00","modified_gmt":"2019-03-27T19:59:00","slug":"conseil-presidentiel-pour-lafrique-que-cachent-ces-demissions-en-series","status":"publish","type":"post","link":"https:\/\/linitiative.ca\/International\/conseil-presidentiel-pour-lafrique-que-cachent-ces-demissions-en-series\/","title":{"rendered":"CONSEIL PRESIDENTIEL POUR L\u2019AFRIQUE.  : Que cachent ces d\u00e9missions en s\u00e9ries\u00a0?"},"content":{"rendered":"<header>\n<\/header>\n<div class=\"entry-content clearfix\" readability=\"67\"><img decoding=\"async\" class=\"post_layout_5_img\" src=\"http:\/\/lepays.bf\/wp-content\/uploads\/2019\/03\/CONSEIL-PRESIDENTIEL-.jpg\" alt=\"CONSEIL PRESIDENTIEL POUR L\u2019AFRIQUE. : Que cachent ces d\u00e9missions en s\u00e9ries\u00a0?\"\/><\/p>\n<p class=\"c4\"><em>Que se passe-t-il au sein du Conseil pr\u00e9sidentiel pour l\u2019Afrique (CPA), du nom de cet organe mis en place par le pr\u00e9sident Emmanuel Macron, dont le but est d\u2019apporter un nouvel \u00e9clairage et de \u00ab\u00a0renouveler le mode de gouvernance traditionnel de la politique africaine fran\u00e7aise\u00a0\u00bb\u00a0? C\u2019est la question que l\u2019on est en droit de se poser, apr\u00e8s la d\u00e9mission de la journaliste Elisabeth Gomis pour rejoindre Africa 2020 cr\u00e9\u00e9 par le pr\u00e9sident Macron. Ce d\u00e9part, dit-on, s\u2019explique par des consid\u00e9rations d\u00e9ontologiques parce que, estime la journaliste, \u00ab\u00a0c\u2019est une suite logique. Le Conseil pr\u00e9sidentiel pour l\u2019Afrique a initi\u00e9 la saison Africa 2020. Cette saison repr\u00e9sente beaucoup pour moi, \u00e7a ne s\u2019est jamais fait. C\u2019est un projet \u00e9norme. L\u2019Afrique racont\u00e9e par les Africains dans un cadre fran\u00e7ais\u00a0: je pense que j\u2019ai une certaine expertise. Et pour moi, c\u2019est un honneur de pouvoir travailler avec la commissaire N\u2019Gon\u00e9 Fall\u00a0\u00bb. On veut bien croire en la bonne foi de la cons\u0153ur Gomis, mais cette d\u00e9mission laisse entrevoir une forme de lassitude pour ne pas dire un malaise au sein du CPA qui, depuis sa mise en place, manque r\u00e9ellement de visibilit\u00e9. Si fait que, compos\u00e9 de 11 membres au d\u00e9part, le CPA n\u2019en compte finalement que huit aujourd\u2019hui. C\u2019est l\u2019avocat Ives-Justice Djimi qui avait donn\u00e9 le la avant de se voir emboiter le pas par l\u2019entrepreneuse culturelle Nomaza Nongunga Coupez. En tout cas, quand on sait que Elisabeth Gomis \u00e9tait connue pour avoir un caract\u00e8re bien tremp\u00e9 et qu\u2019elle n\u2019h\u00e9sitait pas \u00e0 manifester publiquement ses d\u00e9saccords, on peut dire que le CPA a perdu une grande personnalit\u00e9.<\/em><\/p>\n<p><strong>Le CPA saura-t-il r\u00e9pondre aux attentes du pr\u00e9sident Macron\u00a0?<\/strong><\/p>\n<p class=\"c4\"><em>Ceci pouvant expliquer cela, sa d\u00e9mission pourrait \u00eatre l\u2019expression d\u2019une divergence profonde interne entre les diff\u00e9rents membres qui composent le CPA qui, finalement, fait la part belle aux entrepreneurs et personnalit\u00e9s issues du monde des entreprises. Cela dit, le CPA saura-t-il r\u00e9pondre aux attentes du pr\u00e9sident Macron qui l\u2019a con\u00e7u et \u00e9labor\u00e9\u00a0? Pas si s\u00fbr d\u2019autant qu\u2019apr\u00e8s chaque d\u00e9part, des arriv\u00e9es sont annonc\u00e9es mais rien n\u2019y fit. Pourquoi\u00a0? \u00ab\u00a0On n\u2019est pas dans une d\u00e9marche, un d\u00e9part = une arriv\u00e9e\u00a0\u00bb, r\u00e9pond-on du c\u00f4t\u00e9 de l\u2019Elys\u00e9e qui ajoute : \u00ab\u00a0mais \u00e9videmment, on y travaille pour garder la dynamique du CPA intacte\u00a0\u00bb. On attend de voir puisque le CPA promet de fournir un \u00ab\u00a0panorama complet sur ce qui se fait en termes de solutions sant\u00e9 en Afrique et ce sur quoi il devrait mettre le paquet (\u2026) lors de la sixi\u00e8me conf\u00e9rence de reconstitution des ressources du Fonds mondial \u00e0 Lyon, en octobre\u00a0\u00bb.<\/em><\/p>\n<p><strong>Boundi OUOBA<\/strong><\/p>\n<\/div>\n<p>Auteur: Le Pays<br \/>\n<a href=\"http:\/\/lepays.bf\/conseil-presidentiel-pour-lafrique-que-cachent-ces-demissions-en-series\/\">Cliquez ici pour lire l&rsquo;article depuis sa source.<\/a><\/p>\n","protected":false},"excerpt":{"rendered":"<p>Que se passe-t-il au sein du Conseil pr\u00e9sidentiel pour l\u2019Afrique (CPA), du nom de cet organe mis en place par le pr\u00e9sident Emmanuel Macron, dont le but est d\u2019apporter un nouvel \u00e9clairage et de \u00ab\u00a0renouveler le mode de gouvernance traditionnel de la politique africaine fran\u00e7aise\u00a0\u00bb\u00a0? C\u2019est la question que l\u2019on est en droit de se [&hellip;]<\/p>\n","protected":false},"author":1813,"featured_media":24444,"comment_status":"closed","ping_status":"closed","sticky":false,"template":"","format":"standard","meta":{"fifu_image_url":"","fifu_image_alt":"","footnotes":""},"categories":[73,81],"tags":[],"class_list":["post-24443","post","type-post","status-publish","format-standard","has-post-thumbnail","hentry","category-actualite","category-burkina-faso"],"_links":{"self":[{"href":"https:\/\/linitiative.ca\/International\/wp-json\/wp\/v2\/posts\/24443","targetHints":{"allow":["GET"]}}],"collection":[{"href":"https:\/\/linitiative.ca\/International\/wp-json\/wp\/v2\/posts"}],"about":[{"href":"https:\/\/linitiative.ca\/International\/wp-json\/wp\/v2\/types\/post"}],"author":[{"embeddable":true,"href":"https:\/\/linitiative.ca\/International\/wp-json\/wp\/v2\/users\/1813"}],"replies":[{"embeddable":true,"href":"https:\/\/linitiative.ca\/International\/wp-json\/wp\/v2\/comments?post=24443"}],"version-history":[{"count":0,"href":"https:\/\/linitiative.ca\/International\/wp-json\/wp\/v2\/posts\/24443\/revisions"}],"wp:featuredmedia":[{"embeddable":true,"href":"https:\/\/linitiative.ca\/International\/wp-json\/"}],"wp:attachment":[{"href":"https:\/\/linitiative.ca\/International\/wp-json\/wp\/v2\/media?parent=24443"}],"wp:term":[{"taxonomy":"category","embeddable":true,"href":"https:\/\/linitiative.ca\/International\/wp-json\/wp\/v2\/categories?post=24443"},{"taxonomy":"post_tag","embeddable":true,"href":"https:\/\/linitiative.ca\/International\/wp-json\/wp\/v2\/tags?post=24443"}],"curies":[{"name":"wp","href":"https:\/\/api.w.org\/{rel}","templated":true}]}}