{"id":24445,"date":"2019-03-27T16:01:20","date_gmt":"2019-03-27T20:01:20","guid":{"rendered":"https:\/\/linitiative.ca\/International\/enquete-sur-le-massacre-de-peuls-au-mali-la-cpi-a-t-elle-les-moyens-de-sa-politique\/"},"modified":"2019-03-27T16:01:20","modified_gmt":"2019-03-27T20:01:20","slug":"enquete-sur-le-massacre-de-peuls-au-mali-la-cpi-a-t-elle-les-moyens-de-sa-politique","status":"publish","type":"post","link":"https:\/\/linitiative.ca\/International\/enquete-sur-le-massacre-de-peuls-au-mali-la-cpi-a-t-elle-les-moyens-de-sa-politique\/","title":{"rendered":"ENQUETE SUR LE MASSACRE DE PEULS AU MALI. : La CPI a-t-elle les moyens de sa politique\u00a0?"},"content":{"rendered":"<p><img decoding=\"async\" class=\"post_layout_5_img\" src=\"http:\/\/lepays.bf\/wp-content\/uploads\/2019\/03\/cpi-1-1.jpg\" alt=\"ENQUETE SUR LE MASSACRE DE PEULS AU MALI. : La CPI a-t-elle les moyens de sa politique\u00a0?\"\/><\/p>\n<p class=\"c4\"><em>\u00ab\u00a0Mon bureau est en contact \u00e9troit avec les autorit\u00e9s maliennes, notamment dans le cadre des \u00e9v\u00e9nements (signal\u00e9s dans la r\u00e9gion de Mopti). Il prendra toutes les mesures qui s\u2019imposent, en compl\u00e9mentarit\u00e9 avec le syst\u00e8me de justice p\u00e9nale du Mali, afin de veiller \u00e0 ce que ceux qui ont particip\u00e9 ou contribu\u00e9 de tout autre mani\u00e8re \u00e0 ce qui semble \u00eatre des crimes abominables (\u2026), fassent l\u2019objet d\u2019une enqu\u00eate et de poursuites. Dans l\u2019imm\u00e9diat, une d\u00e9l\u00e9gation du bureau va rencontrer cette semaine les repr\u00e9sentants des autorit\u00e9s comp\u00e9tentes pour discuter de ces questions\u00a0\u00bb. Ces propos sont de la procureure de la Cour p\u00e9nale internationale (CPI), Fatou Bensonda. Elle compte ouvrir une enqu\u00eate sur le massacre d\u2019Ogossagou, au Mali, qui a co\u00fbt\u00e9 la vie \u00e0 plus de 150 personnes, essentiellement des Peuls. La parqueti\u00e8re y voit un crime organis\u00e9, planifi\u00e9 et savamment orchestr\u00e9 dans un pays o\u00f9 les violences communautaires ont pignon sur rue. Il est donc du devoir de sa juridiction d\u2019engager des poursuites contre les auteurs ou complices de ce drame indigne d\u2019une \u00e9poque civilis\u00e9e. C\u2019est tout \u00e0 l\u2019honneur de la CPI qui dispose l\u00e0 d\u2019une occasion en or pour se refaire une virginit\u00e9, pour peu qu\u2019elle y m\u00e8ne un travail de qualit\u00e9. Mieux, c\u2019est le lieu pour elle de prouver \u00e0 ses contempteurs qu\u2019elle a toute sa raison d\u2019\u00eatre\u00a0; elle qui, en deux d\u00e9cennies d\u2019existence, s\u2019est le plus souvent illustr\u00e9e par des enqu\u00eates b\u00e2cl\u00e9es qui se sont sold\u00e9es par des acquittements ou des non-lieux. On peut citer les cas de Jean-Pierre Bemba de la R\u00e9publique d\u00e9mocratique du Congo (RDC) et de Laurent Gbagbo de la C\u00f4te d\u2019Ivoire, qui, apr\u00e8s des ann\u00e9es derri\u00e8re les barreaux, ont tous \u00e9t\u00e9 \u00e9largis, fautes de preuves mat\u00e9rielles devant permettre \u00e0 la Cour de prononcer leur condamnation.<\/em><\/p>\n<p><strong>D\u2019aucuns n\u2019h\u00e9sitent pas \u00e0 parler d\u2019enqu\u00eates impossibles<\/strong><\/p>\n<p class=\"c4\"><em>Or, en RCA o\u00f9 s\u00e9vissait la milice de Bemba, tout comme en C\u00f4te d\u2019Ivoire en pleine crise post-\u00e9lectorale de 2010-2011, tout le monde sait que de milliers de personnes ont perdu la vie. Etait-ce donc des morts par accidents de la circulation\u00a0? A la CPI d\u2019y r\u00e9pondre\u00a0; elle dont les examens pr\u00e9liminaires restent le plus souvent sans suite, si fait que pour certains, l\u2019institution passe pour \u00eatre aujourd\u2019hui un tigre en papier. En tout cas, le tout n\u2019est pas d\u2019ouvrir une enqu\u00eate. Il faut aller jusqu\u2019au bout en condamnant les coupables de crimes contre l\u2019humanit\u00e9 ou crimes de guerre. Ce qui n\u2019est pas g\u00e9n\u00e9ralement le cas. On l\u2019a vu au Burundi, au Kenya, au Nigeria, en Palestine, en Birmanie, o\u00f9 de grands criminels courent toujours les rues. D\u2019o\u00f9 la question suivante\u00a0: en d\u00e9cidant d\u2019ouvrir une enqu\u00eate sur le massacre de peuls au Mali, la CPI a-t-elle les moyens de sa politique\u00a0? Pas si s\u00fbr. Car tout porte \u00e0 croire que ce sera une v\u00e9ritable gal\u00e8re pour elle en ce sens qu\u2019\u00e9tant elles-m\u00eames mises en cause, les autorit\u00e9s maliennes pourraient ne pas coop\u00e9rer franchement. Ou alors, elles pourraient faire sensation aux fins de biaiser les enqu\u00eates en faisant voir aux juges de la CPI ce qu\u2019elles voudraient seulement qu\u2019ils voient. C\u2019est pourquoi d\u2019aucuns n\u2019h\u00e9sitent pas d\u00e9j\u00e0 \u00e0 parler d\u2019enqu\u00eates impossibles, tant ils soup\u00e7onnent les autorit\u00e9s maliennes d\u2019avoir laiss\u00e9 faire. Ce qui n\u2019est peut-\u00eatre pas faux quand on sait qu\u2019il aura fallu environ dix bonnes heures apr\u00e8s le massacre, pour qu\u2019interviennent les forces arm\u00e9es maliennes dont on dit qu\u2019une des bases \u00e9tait pourtant situ\u00e9e \u00e0 une vingtaine de kilom\u00e8tres du lieu du drame. En tout cas, il faut souhaiter qu\u2019en plus du Mali, la CPI s\u2019int\u00e9resse au cas burkinab\u00e8 o\u00f9 des dizaines de peuls avaient aussi \u00e9t\u00e9 massacr\u00e9s en d\u00e9but d\u2019ann\u00e9e, \u00e0 Yirgou dans le Centre-Nord du pays. Bensounda serait la bienvenue d\u2019autant que pr\u00e8s de trois mois apr\u00e8s, l\u2019on n\u2019a enregistr\u00e9 aucune arrestation y li\u00e9e, \u00e0 notre connaissannce.<\/em><\/p>\n<p><strong>Boundi OUOBA<\/strong><\/p>\n<p>Auteur: Le Pays<br \/>\n<a href=\"http:\/\/lepays.bf\/enquete-sur-le-massacre-de-peuls-au-mali-la-cpi-a-t-elle-les-moyens-de-sa-politique\/\">Cliquez ici pour lire l&rsquo;article depuis sa source.<\/a><\/p>\n","protected":false},"excerpt":{"rendered":"<p>\u00ab\u00a0Mon bureau est en contact \u00e9troit avec les autorit\u00e9s maliennes, notamment dans le cadre des \u00e9v\u00e9nements (signal\u00e9s dans la r\u00e9gion de Mopti). Il prendra toutes les mesures qui s\u2019imposent, en compl\u00e9mentarit\u00e9 avec le syst\u00e8me de justice p\u00e9nale du Mali, afin de veiller \u00e0 ce que ceux qui ont particip\u00e9 ou contribu\u00e9 de tout autre mani\u00e8re [&hellip;]<\/p>\n","protected":false},"author":1813,"featured_media":24446,"comment_status":"closed","ping_status":"closed","sticky":false,"template":"","format":"standard","meta":{"fifu_image_url":"","fifu_image_alt":"","footnotes":""},"categories":[73,81],"tags":[],"class_list":["post-24445","post","type-post","status-publish","format-standard","has-post-thumbnail","hentry","category-actualite","category-burkina-faso"],"_links":{"self":[{"href":"https:\/\/linitiative.ca\/International\/wp-json\/wp\/v2\/posts\/24445","targetHints":{"allow":["GET"]}}],"collection":[{"href":"https:\/\/linitiative.ca\/International\/wp-json\/wp\/v2\/posts"}],"about":[{"href":"https:\/\/linitiative.ca\/International\/wp-json\/wp\/v2\/types\/post"}],"author":[{"embeddable":true,"href":"https:\/\/linitiative.ca\/International\/wp-json\/wp\/v2\/users\/1813"}],"replies":[{"embeddable":true,"href":"https:\/\/linitiative.ca\/International\/wp-json\/wp\/v2\/comments?post=24445"}],"version-history":[{"count":0,"href":"https:\/\/linitiative.ca\/International\/wp-json\/wp\/v2\/posts\/24445\/revisions"}],"wp:featuredmedia":[{"embeddable":true,"href":"https:\/\/linitiative.ca\/International\/wp-json\/"}],"wp:attachment":[{"href":"https:\/\/linitiative.ca\/International\/wp-json\/wp\/v2\/media?parent=24445"}],"wp:term":[{"taxonomy":"category","embeddable":true,"href":"https:\/\/linitiative.ca\/International\/wp-json\/wp\/v2\/categories?post=24445"},{"taxonomy":"post_tag","embeddable":true,"href":"https:\/\/linitiative.ca\/International\/wp-json\/wp\/v2\/tags?post=24445"}],"curies":[{"name":"wp","href":"https:\/\/api.w.org\/{rel}","templated":true}]}}