{"id":24451,"date":"2019-03-27T16:13:24","date_gmt":"2019-03-27T20:13:24","guid":{"rendered":"https:\/\/linitiative.ca\/International\/saisine-du-tribunal-de-lue-par-des-officiels-congolais-sous-sanction-de-lue-ainsi-donc-ca-fait-mal\/"},"modified":"2019-03-27T16:13:24","modified_gmt":"2019-03-27T20:13:24","slug":"saisine-du-tribunal-de-lue-par-des-officiels-congolais-sous-sanction-de-lue-ainsi-donc-ca-fait-mal","status":"publish","type":"post","link":"https:\/\/linitiative.ca\/International\/saisine-du-tribunal-de-lue-par-des-officiels-congolais-sous-sanction-de-lue-ainsi-donc-ca-fait-mal\/","title":{"rendered":"SAISINE DU TRIBUNAL DE L\u2019UE PAR DES OFFICIELS CONGOLAIS SOUS SANCTION DE L\u2019UE. : Ainsi donc, \u00e7a fait mal\u00a0!"},"content":{"rendered":"<p><img decoding=\"async\" class=\"post_layout_5_img\" src=\"http:\/\/lepays.bf\/wp-content\/uploads\/2019\/03\/RDC.jpg\" alt=\"SAISINE DU TRIBUNAL DE L\u2019UE PAR DES OFFICIELS CONGOLAIS SOUS SANCTION DE L\u2019UE. : Ainsi donc, \u00e7a fait mal\u00a0!\"\/><\/p>\n<p class=\"c4\"><em>Mauvaise nouvelle pour les quatorze officiels de la RDC, sous sanction de l\u2019Union europ\u00e9enne (UE), accus\u00e9s d\u2019avoir commis de \u00ab\u00a0graves violations des droits de l\u2019Homme\u00a0\u00bb et \u00ab entrav\u00e9 l\u2019organisation des \u00e9lections\u00a0\u00bb. Et pour cause\u00a0: le tribunal de l\u2019UE vient de rejeter leur recours introduit le 26 mars dernier en vue de contester la l\u00e9galit\u00e9 de ces sanctions. En rappel, celles-ci ont \u00e9t\u00e9 renouvel\u00e9es en d\u00e9cembre dernier, malgr\u00e9 les fortes pressions exerc\u00e9es par Kinshasa. Au-del\u00e0 donc des bravades, des coups de menton habituels et autres enfumages tendant \u00e0 laisser croire que ces sanctions n\u2019ont pas d\u2019autres effets que de glisser sur elles \u00ab\u00a0comme de l\u2019eau sur les plumes d\u2019un canard\u00a0\u00bb, la dure r\u00e9alit\u00e9 est que ces personnalit\u00e9s congolaises ont profond\u00e9ment accus\u00e9 le coup\u00a0; elles souffrent grandement de ces mesures. Ainsi donc, contrairement aux apparences, \u00e7a fait mal\u00a0! Autrement, celles-ci n\u2019auraient pas pris la peine d\u2019introduire ces recours. Ces d\u00e9marches engag\u00e9es par ces anciens proches de Joseph Kabila parmi lesquels figurent Emmanuel Ramazani Shadary, ancien candidat \u00e0 l\u2019\u00e9lection pr\u00e9sidentielle congolaise et poulain de Kabila, Corneille Nangaa, le pr\u00e9sident de la CENI congolaise, ne traduisent pas moins un aveu\u00a0: ils ont bel et bien des int\u00e9r\u00eats en Europe, grandement menac\u00e9s par l\u2019interdiction faite \u00e0 eux, de s\u2019y rendre d\u00e9sormais. Quelle duplicit\u00e9\u00a0! Dire que ce sont pourtant les m\u00eames qui n\u2019h\u00e9sitent pas \u00e0 agiter rageusement les castagnettes de la souverainet\u00e9 et \u00e0 jouer sur la corde nationaliste\u00a0!<\/em><\/p>\n<p><strong>Ce n\u2019est pas parce qu\u2019on est dans les cercles du pouvoir qu\u2019on doit le servir aveuglement<\/strong><\/p>\n<p class=\"c4\"><em>Quoi qu\u2019il en soit, l\u2019on peut se f\u00e9liciter de la d\u00e9cision du tribunal de l\u2019UE qui n\u2019aura pas, du moins jusque-l\u00e0, c\u00e9d\u00e9 aux pressions. Il y a d\u2019autant lieu de s\u2019en r\u00e9jouir que le rejet de ce recours, peut et doit faire r\u00e9fl\u00e9chir. En particulier tous ceux qui, comme on en voit dans les arcanes des pouvoirs africains, lient \u00e9troitement leur destin au dictateur en place, au point, bien souvent h\u00e9las, de s\u2019\u00e9riger en avocats du diable. Ce n\u2019est pas parce qu\u2019on est dans les cercles du pouvoir qu\u2019on doit le servir aveuglement\u00a0; on peut en payer le prix fort. Cela dit, pour ce qui est de l\u2019issue de cette affaire, attendons de voir ce que l\u2019avenir nous r\u00e9servera. Un vent nouveau souffle sur la RDC avec l\u2019arriv\u00e9e d\u2019un nouveau pr\u00e9sident \u00e0 la t\u00eate du pays\u00a0; toutes choses qui ouvrent de nouvelles perspectives non seulement \u00e0 la RDC, mais \u00e9galement \u00e0 ses partenaires \u00e9trangers pour qui les int\u00e9r\u00eats passent avant toute chose. \u00abCette d\u00e9cision de la cour ne remet pas en cause l\u2019engagement pris\u00bb, en d\u00e9cembre dernier par l\u2019UE, \u00ab\u00a0de r\u00e9examiner les sanctions une fois le processus \u00e9lectoral finalis\u00e9\u00a0\u00bb. Cette \u00e9tape \u00e9tant franchie avec la reconnaissance officielle, par l\u2019UE, de F\u00e9lix Tshisekedi comme pr\u00e9sident de la RDC, il n\u2019est pas exclu, \u00e0 pr\u00e9sent, que les choses \u00e9voluent dans le sens de la lev\u00e9e de ces sanctions. Et les questions de proc\u00e9dures en cours d\u2019examen, pourraient contribuer \u00e0 faire le reste, c\u2019est-\u00e0-dire \u00e0 sacrifier l\u2019affaire sur l\u2019autel de la realpolitik.<\/em><\/p>\n<p><strong>Cheick Beldh\u2019or SIGUE<\/strong><\/p>\n<p>Auteur: Le Pays<br \/>\n<a href=\"http:\/\/lepays.bf\/saisine-du-tribunal-de-lue-par-des-officiels-congolais-sous-sanction-de-lue-ainsi-donc-ca-fait-mal\/\">Cliquez ici pour lire l&rsquo;article depuis sa source.<\/a><\/p>\n","protected":false},"excerpt":{"rendered":"<p>Mauvaise nouvelle pour les quatorze officiels de la RDC, sous sanction de l\u2019Union europ\u00e9enne (UE), accus\u00e9s d\u2019avoir commis de \u00ab\u00a0graves violations des droits de l\u2019Homme\u00a0\u00bb et \u00ab entrav\u00e9 l\u2019organisation des \u00e9lections\u00a0\u00bb. Et pour cause\u00a0: le tribunal de l\u2019UE vient de rejeter leur recours introduit le 26 mars dernier en vue de contester la l\u00e9galit\u00e9 de [&hellip;]<\/p>\n","protected":false},"author":1813,"featured_media":24452,"comment_status":"closed","ping_status":"closed","sticky":false,"template":"","format":"standard","meta":{"fifu_image_url":"","fifu_image_alt":"","footnotes":""},"categories":[73,81],"tags":[],"class_list":["post-24451","post","type-post","status-publish","format-standard","has-post-thumbnail","hentry","category-actualite","category-burkina-faso"],"_links":{"self":[{"href":"https:\/\/linitiative.ca\/International\/wp-json\/wp\/v2\/posts\/24451","targetHints":{"allow":["GET"]}}],"collection":[{"href":"https:\/\/linitiative.ca\/International\/wp-json\/wp\/v2\/posts"}],"about":[{"href":"https:\/\/linitiative.ca\/International\/wp-json\/wp\/v2\/types\/post"}],"author":[{"embeddable":true,"href":"https:\/\/linitiative.ca\/International\/wp-json\/wp\/v2\/users\/1813"}],"replies":[{"embeddable":true,"href":"https:\/\/linitiative.ca\/International\/wp-json\/wp\/v2\/comments?post=24451"}],"version-history":[{"count":0,"href":"https:\/\/linitiative.ca\/International\/wp-json\/wp\/v2\/posts\/24451\/revisions"}],"wp:featuredmedia":[{"embeddable":true,"href":"https:\/\/linitiative.ca\/International\/wp-json\/"}],"wp:attachment":[{"href":"https:\/\/linitiative.ca\/International\/wp-json\/wp\/v2\/media?parent=24451"}],"wp:term":[{"taxonomy":"category","embeddable":true,"href":"https:\/\/linitiative.ca\/International\/wp-json\/wp\/v2\/categories?post=24451"},{"taxonomy":"post_tag","embeddable":true,"href":"https:\/\/linitiative.ca\/International\/wp-json\/wp\/v2\/tags?post=24451"}],"curies":[{"name":"wp","href":"https:\/\/api.w.org\/{rel}","templated":true}]}}