{"id":24453,"date":"2019-03-27T16:17:35","date_gmt":"2019-03-27T20:17:35","guid":{"rendered":"https:\/\/linitiative.ca\/International\/la-semaine-de-raogo\/"},"modified":"2019-03-27T16:17:35","modified_gmt":"2019-03-27T20:17:35","slug":"la-semaine-de-raogo","status":"publish","type":"post","link":"https:\/\/linitiative.ca\/International\/la-semaine-de-raogo\/","title":{"rendered":"LA SEMAINE DE RAOGO :"},"content":{"rendered":"<header>\n<\/header>\n<div class=\"entry-content clearfix\" readability=\"58\"><img decoding=\"async\" class=\"post_layout_5_img\" src=\"http:\/\/lepays.bf\/wp-content\/uploads\/2017\/07\/lepaysresponsive.png\" alt=\"LA SEMAINE DE RAOGO :\"\/><\/p>\n<p class=\"c4\"><strong>COUP DE C\u0152UR<\/strong><\/p>\n<p class=\"c4\"><strong>Journ\u00e9e de salubrit\u00e9 \u00e0 Rood-Wooko\u00a0: bravo aux initiateurs\u00a0!<\/strong><\/p>\n<p class=\"c4\"><em>Les commer\u00e7ants du grand march\u00e9 de Ouagadougou, Rood-Wooko, sous l\u2019\u00e9gide de l\u2019Agence du d\u00e9veloppement \u00e9conomique urbain, ont organis\u00e9 une journ\u00e9e de salubrit\u00e9 le 24 mars 2019, dans l\u2019enceinte dudit march\u00e9, sous le th\u00e8me\u00a0: \u00ab\u00a0Z\u00e9ro emballage, z\u00e9ro carton sur les toits et dans le march\u00e9\u00a0\u00bb. L\u2019objectif recherch\u00e9 est de minimiser les risques d\u2019incendies et d\u2019assurer une bonne hygi\u00e8ne des lieux \u00e0 la fois pour les commer\u00e7ants eux-m\u00eames et leurs clients. Il s\u2019agit l\u00e0 d\u2019une tr\u00e8s belle initiative qui m\u00e9rite d\u2019\u00eatre inscrite dans la dur\u00e9e quand on sait que, le plus souvent, nos march\u00e9s ne sont rien moins que des poubelles. Bravo donc aux initiateurs\u00a0!<\/em><\/p>\n<p class=\"c4\"><strong>COUP DE GUEULE<\/strong><\/p>\n<p class=\"c4\"><strong>Attaques terroristes au Burkina\u00a0: non \u00e0 la violence aveugle\u00a0!<\/strong><\/p>\n<p><em>Apr\u00e8s les attaques dirig\u00e9es contre les Forces de d\u00e9fense et de s\u00e9curit\u00e9 (FDS) et les attentats aux cadavres pi\u00e9g\u00e9s, les forces du mal on d\u00e9velopp\u00e9 d\u2019autres strat\u00e9gies. Il s\u2019agit d\u2019enl\u00e8vements suivis d\u2019assassinats. Et comme si cela ne suffisait pas, ils d\u00e9posent maintenant des mines sur les routes, faisant sauter des cars de compagnies de transport en commun. Le dernier cas en date a eu lieu, le 26 mars 2019, sur l\u2019axe Bourzanga\/Djibo. Pourquoi une telle violence aveugle\u00a0? En tout cas, c\u2019est \u00e0 croire que certains ont une pierre \u00e0 la place du c\u0153ur si fait qu\u2019ils prennent du plaisir \u00e0 se repa\u00eetre du sang des autres.<\/em><\/p>\n<\/div>\n<p>Auteur: Le Pays<br \/>\n<a href=\"http:\/\/lepays.bf\/la-semaine-de-raogo-2\/\">Cliquez ici pour lire l&rsquo;article depuis sa source.<\/a><\/p>\n","protected":false},"excerpt":{"rendered":"<p>COUP DE C\u0152UR Journ\u00e9e de salubrit\u00e9 \u00e0 Rood-Wooko\u00a0: bravo aux initiateurs\u00a0! Les commer\u00e7ants du grand march\u00e9 de Ouagadougou, Rood-Wooko, sous l\u2019\u00e9gide de l\u2019Agence du d\u00e9veloppement \u00e9conomique urbain, ont organis\u00e9 une journ\u00e9e de salubrit\u00e9 le 24 mars 2019, dans l\u2019enceinte dudit march\u00e9, sous le th\u00e8me\u00a0: \u00ab\u00a0Z\u00e9ro emballage, z\u00e9ro carton sur les toits et dans le march\u00e9\u00a0\u00bb. [&hellip;]<\/p>\n","protected":false},"author":1813,"featured_media":24454,"comment_status":"closed","ping_status":"closed","sticky":false,"template":"","format":"standard","meta":{"fifu_image_url":"","fifu_image_alt":"","footnotes":""},"categories":[73,81],"tags":[],"class_list":["post-24453","post","type-post","status-publish","format-standard","has-post-thumbnail","hentry","category-actualite","category-burkina-faso"],"_links":{"self":[{"href":"https:\/\/linitiative.ca\/International\/wp-json\/wp\/v2\/posts\/24453","targetHints":{"allow":["GET"]}}],"collection":[{"href":"https:\/\/linitiative.ca\/International\/wp-json\/wp\/v2\/posts"}],"about":[{"href":"https:\/\/linitiative.ca\/International\/wp-json\/wp\/v2\/types\/post"}],"author":[{"embeddable":true,"href":"https:\/\/linitiative.ca\/International\/wp-json\/wp\/v2\/users\/1813"}],"replies":[{"embeddable":true,"href":"https:\/\/linitiative.ca\/International\/wp-json\/wp\/v2\/comments?post=24453"}],"version-history":[{"count":0,"href":"https:\/\/linitiative.ca\/International\/wp-json\/wp\/v2\/posts\/24453\/revisions"}],"wp:featuredmedia":[{"embeddable":true,"href":"https:\/\/linitiative.ca\/International\/wp-json\/"}],"wp:attachment":[{"href":"https:\/\/linitiative.ca\/International\/wp-json\/wp\/v2\/media?parent=24453"}],"wp:term":[{"taxonomy":"category","embeddable":true,"href":"https:\/\/linitiative.ca\/International\/wp-json\/wp\/v2\/categories?post=24453"},{"taxonomy":"post_tag","embeddable":true,"href":"https:\/\/linitiative.ca\/International\/wp-json\/wp\/v2\/tags?post=24453"}],"curies":[{"name":"wp","href":"https:\/\/api.w.org\/{rel}","templated":true}]}}